{"id":4880,"date":"2023-02-14T09:21:05","date_gmt":"2023-02-14T14:21:05","guid":{"rendered":"https:\/\/transitionencommun.org\/pointe-aux-trembles-welcomes-transition-en-commun\/"},"modified":"2025-02-24T14:44:26","modified_gmt":"2025-02-24T19:44:26","slug":"pointe-aux-trembles-welcomes-transition-en-commun","status":"publish","type":"post","link":"https:\/\/transitionencommun.org\/en\/pointe-aux-trembles-welcomes-transition-en-commun\/","title":{"rendered":"Pointe aux Trembles welcomes Transition en Commun"},"content":{"rendered":"<section class=\"l-section wpb_row height_medium\"><div class=\"l-section-h i-cf\"><div class=\"g-cols vc_row via_grid cols_1 laptops-cols_inherit tablets-cols_inherit mobiles-cols_1 valign_top type_default stacking_default\"><div class=\"wpb_column vc_column_container\"><div class=\"vc_column-inner\"><div class=\"wpb_text_column\"><div class=\"wpb_wrapper\"><p>Visiting Pointe-aux-Trembles on February 14, 2023, as part of the Transition en Commun steering committee, Jonathan Roy and Ren\u00e9 Rivest of the CDC de la Pointe &#8211; r\u00e9gion Est de Montr\u00e9al gave us a tour of their area and explained how the socio-ecological transition fits in with the specific realities of their territory (lots of green space, remote services and shops, low density, vacant spaces to be developed, mobility challenges, etc.).<\/p>\n<p>The day was an opportunity to highlight the distinct realities of the neighborhood and bring together the 25 members of the Transition en Commun steering committee. On the agenda: improving the bonds of trust and solidarity between members, establishing the vision and objectives of our alliance, agreeing on modes and principles of governance, reporting on the work of committees already in place (knowledge committee, storytelling, outreach, internal city, etc.), agreeing on the priority transition themes that will soon be addressed by dedicated working groups, and discussing the importance of the crucial place of neighborhoods and citizens at the heart of Montreal&#8217;s socio-ecological transition.<\/p>\n<p>Thanks to Corporation Mainbourg and CDC La Pointe for hosting the event.<\/p>\n<\/div><\/div><\/div><\/div><\/div><\/div><\/section>\n","protected":false},"excerpt":{"rendered":"Visiting Pointe-aux-Trembles on February 14, 2023, as part of the Transition en Commun steering committee, Jonathan Roy and Ren\u00e9 Rivest of the CDC de la Pointe &#8211; r\u00e9gion Est de Montr\u00e9al gave us a tour of their area and explained how the socio-ecological transition fits in with the specific realities of their territory (lots of...","protected":false},"author":1,"featured_media":3182,"comment_status":"closed","ping_status":"closed","sticky":false,"template":"","format":"standard","meta":{"_acf_changed":false,"footnotes":""},"categories":[50],"tags":[],"class_list":["post-4880","post","type-post","status-publish","format-standard","has-post-thumbnail","hentry","category-news-en"],"acf":[],"yoast_head":"<!-- This site is optimized with the Yoast SEO plugin v28.3 - https:\/\/yoast.com\/product\/yoast-seo-wordpress\/ -->\n<title>Pointe aux Trembles welcomes Transition en Commun - Transition en commun<\/title>\n<meta name=\"robots\" content=\"index, follow, max-snippet:-1, max-image-preview:large, max-video-preview:-1\" \/>\n<link rel=\"canonical\" href=\"https:\/\/transitionencommun.org\/en\/pointe-aux-trembles-welcomes-transition-en-commun\/\" \/>\n<meta property=\"og:locale\" content=\"en_US\" \/>\n<meta property=\"og:type\" content=\"article\" \/>\n<meta property=\"og:title\" content=\"Pointe aux Trembles welcomes Transition en Commun - Transition en commun\" \/>\n<meta property=\"og:url\" content=\"https:\/\/transitionencommun.org\/en\/pointe-aux-trembles-welcomes-transition-en-commun\/\" \/>\n<meta property=\"og:site_name\" content=\"Transition en commun\" \/>\n<meta property=\"article:publisher\" content=\"https:\/\/www.facebook.com\/transitionencommun\/\" \/>\n<meta property=\"article:published_time\" content=\"2023-02-14T14:21:05+00:00\" \/>\n<meta property=\"article:modified_time\" content=\"2025-02-24T19:44:26+00:00\" \/>\n<meta property=\"og:image\" content=\"https:\/\/transitionencommun.org\/wp-content\/uploads\/2023\/04\/Pointe-Trembles-TeC.png\" \/>\n\t<meta property=\"og:image:width\" content=\"512\" \/>\n\t<meta property=\"og:image:height\" content=\"288\" \/>\n\t<meta property=\"og:image:type\" content=\"image\/png\" \/>\n<meta name=\"author\" content=\"cinetic\" \/>\n<meta name=\"twitter:card\" content=\"summary_large_image\" \/>\n<meta name=\"twitter:creator\" content=\"@cinetic\" \/>\n<meta name=\"twitter:label1\" content=\"Written by\" \/>\n\t<meta name=\"twitter:data1\" content=\"cinetic\" \/>\n\t<meta name=\"twitter:label2\" content=\"Est. reading time\" \/>\n\t<meta name=\"twitter:data2\" content=\"1 minute\" \/>\n<script type=\"application\/ld+json\" class=\"yoast-schema-graph\">{\"@context\":\"https:\\\/\\\/schema.org\",\"@graph\":[{\"@type\":\"Article\",\"@id\":\"https:\\\/\\\/transitionencommun.org\\\/en\\\/pointe-aux-trembles-welcomes-transition-en-commun\\\/#article\",\"isPartOf\":{\"@id\":\"https:\\\/\\\/transitionencommun.org\\\/en\\\/pointe-aux-trembles-welcomes-transition-en-commun\\\/\"},\"author\":{\"name\":\"cinetic\",\"@id\":\"https:\\\/\\\/transitionencommun.org\\\/en\\\/#\\\/schema\\\/person\\\/318262fc5a1773877036d341edbf282e\"},\"headline\":\"Pointe aux Trembles welcomes Transition en Commun\",\"datePublished\":\"2023-02-14T14:21:05+00:00\",\"dateModified\":\"2025-02-24T19:44:26+00:00\",\"mainEntityOfPage\":{\"@id\":\"https:\\\/\\\/transitionencommun.org\\\/en\\\/pointe-aux-trembles-welcomes-transition-en-commun\\\/\"},\"wordCount\":208,\"publisher\":{\"@id\":\"https:\\\/\\\/transitionencommun.org\\\/en\\\/#organization\"},\"image\":{\"@id\":\"https:\\\/\\\/transitionencommun.org\\\/en\\\/pointe-aux-trembles-welcomes-transition-en-commun\\\/#primaryimage\"},\"thumbnailUrl\":\"https:\\\/\\\/transitionencommun.org\\\/wp-content\\\/uploads\\\/2023\\\/04\\\/Pointe-Trembles-TeC.png\",\"articleSection\":[\"News\"],\"inLanguage\":\"en-US\"},{\"@type\":\"WebPage\",\"@id\":\"https:\\\/\\\/transitionencommun.org\\\/en\\\/pointe-aux-trembles-welcomes-transition-en-commun\\\/\",\"url\":\"https:\\\/\\\/transitionencommun.org\\\/en\\\/pointe-aux-trembles-welcomes-transition-en-commun\\\/\",\"name\":\"Pointe aux Trembles welcomes Transition en Commun - Transition en commun\",\"isPartOf\":{\"@id\":\"https:\\\/\\\/transitionencommun.org\\\/en\\\/#website\"},\"primaryImageOfPage\":{\"@id\":\"https:\\\/\\\/transitionencommun.org\\\/en\\\/pointe-aux-trembles-welcomes-transition-en-commun\\\/#primaryimage\"},\"image\":{\"@id\":\"https:\\\/\\\/transitionencommun.org\\\/en\\\/pointe-aux-trembles-welcomes-transition-en-commun\\\/#primaryimage\"},\"thumbnailUrl\":\"https:\\\/\\\/transitionencommun.org\\\/wp-content\\\/uploads\\\/2023\\\/04\\\/Pointe-Trembles-TeC.png\",\"datePublished\":\"2023-02-14T14:21:05+00:00\",\"dateModified\":\"2025-02-24T19:44:26+00:00\",\"breadcrumb\":{\"@id\":\"https:\\\/\\\/transitionencommun.org\\\/en\\\/pointe-aux-trembles-welcomes-transition-en-commun\\\/#breadcrumb\"},\"inLanguage\":\"en-US\",\"potentialAction\":[{\"@type\":\"ReadAction\",\"target\":[\"https:\\\/\\\/transitionencommun.org\\\/en\\\/pointe-aux-trembles-welcomes-transition-en-commun\\\/\"]}]},{\"@type\":\"ImageObject\",\"inLanguage\":\"en-US\",\"@id\":\"https:\\\/\\\/transitionencommun.org\\\/en\\\/pointe-aux-trembles-welcomes-transition-en-commun\\\/#primaryimage\",\"url\":\"https:\\\/\\\/transitionencommun.org\\\/wp-content\\\/uploads\\\/2023\\\/04\\\/Pointe-Trembles-TeC.png\",\"contentUrl\":\"https:\\\/\\\/transitionencommun.org\\\/wp-content\\\/uploads\\\/2023\\\/04\\\/Pointe-Trembles-TeC.png\",\"width\":512,\"height\":288},{\"@type\":\"BreadcrumbList\",\"@id\":\"https:\\\/\\\/transitionencommun.org\\\/en\\\/pointe-aux-trembles-welcomes-transition-en-commun\\\/#breadcrumb\",\"itemListElement\":[{\"@type\":\"ListItem\",\"position\":1,\"name\":\"Accueil\",\"item\":\"https:\\\/\\\/transitionencommun.org\\\/en\\\/\"},{\"@type\":\"ListItem\",\"position\":2,\"name\":\"Pointe aux Trembles welcomes Transition en Commun\"}]},{\"@type\":\"WebSite\",\"@id\":\"https:\\\/\\\/transitionencommun.org\\\/en\\\/#website\",\"url\":\"https:\\\/\\\/transitionencommun.org\\\/en\\\/\",\"name\":\"Transition en commun\",\"description\":\"\",\"publisher\":{\"@id\":\"https:\\\/\\\/transitionencommun.org\\\/en\\\/#organization\"},\"potentialAction\":[{\"@type\":\"SearchAction\",\"target\":{\"@type\":\"EntryPoint\",\"urlTemplate\":\"https:\\\/\\\/transitionencommun.org\\\/en\\\/?s={search_term_string}\"},\"query-input\":{\"@type\":\"PropertyValueSpecification\",\"valueRequired\":true,\"valueName\":\"search_term_string\"}}],\"inLanguage\":\"en-US\"},{\"@type\":\"Organization\",\"@id\":\"https:\\\/\\\/transitionencommun.org\\\/en\\\/#organization\",\"name\":\"Transition en commun\",\"url\":\"https:\\\/\\\/transitionencommun.org\\\/en\\\/\",\"logo\":{\"@type\":\"ImageObject\",\"inLanguage\":\"en-US\",\"@id\":\"https:\\\/\\\/transitionencommun.org\\\/en\\\/#\\\/schema\\\/logo\\\/image\\\/\",\"url\":\"https:\\\/\\\/transitionencommun.org\\\/wp-content\\\/uploads\\\/2024\\\/06\\\/Big-logo.png\",\"contentUrl\":\"https:\\\/\\\/transitionencommun.org\\\/wp-content\\\/uploads\\\/2024\\\/06\\\/Big-logo.png\",\"width\":257,\"height\":115,\"caption\":\"Transition en commun\"},\"image\":{\"@id\":\"https:\\\/\\\/transitionencommun.org\\\/en\\\/#\\\/schema\\\/logo\\\/image\\\/\"},\"sameAs\":[\"https:\\\/\\\/www.facebook.com\\\/transitionencommun\\\/\",\"https:\\\/\\\/www.instagram.com\\\/transitionencommun\\\/\",\"https:\\\/\\\/www.linkedin.com\\\/company\\\/transition-en-commun\\\/\"]},{\"@type\":\"Person\",\"@id\":\"https:\\\/\\\/transitionencommun.org\\\/en\\\/#\\\/schema\\\/person\\\/318262fc5a1773877036d341edbf282e\",\"name\":\"cinetic\",\"image\":{\"@type\":\"ImageObject\",\"inLanguage\":\"en-US\",\"@id\":\"https:\\\/\\\/secure.gravatar.com\\\/avatar\\\/a482a110bf53965000a200e79f6133488d1f55a689855942fec9c9a3a65bb16c?s=96&d=mm&r=g\",\"url\":\"https:\\\/\\\/secure.gravatar.com\\\/avatar\\\/a482a110bf53965000a200e79f6133488d1f55a689855942fec9c9a3a65bb16c?s=96&d=mm&r=g\",\"contentUrl\":\"https:\\\/\\\/secure.gravatar.com\\\/avatar\\\/a482a110bf53965000a200e79f6133488d1f55a689855942fec9c9a3a65bb16c?s=96&d=mm&r=g\",\"caption\":\"cinetic\"},\"sameAs\":[\"https:\\\/\\\/transitionencommun.org\",\"https:\\\/\\\/x.com\\\/cinetic\"]}]}<\/script>\n<!-- \/ Yoast SEO plugin. -->","yoast_head_json":{"title":"Pointe aux Trembles welcomes Transition en Commun - Transition en commun","robots":{"index":"index","follow":"follow","max-snippet":"max-snippet:-1","max-image-preview":"max-image-preview:large","max-video-preview":"max-video-preview:-1"},"canonical":"https:\/\/transitionencommun.org\/en\/pointe-aux-trembles-welcomes-transition-en-commun\/","og_locale":"en_US","og_type":"article","og_title":"Pointe aux Trembles welcomes Transition en Commun - Transition en commun","og_url":"https:\/\/transitionencommun.org\/en\/pointe-aux-trembles-welcomes-transition-en-commun\/","og_site_name":"Transition en commun","article_publisher":"https:\/\/www.facebook.com\/transitionencommun\/","article_published_time":"2023-02-14T14:21:05+00:00","article_modified_time":"2025-02-24T19:44:26+00:00","og_image":[{"width":512,"height":288,"url":"https:\/\/transitionencommun.org\/wp-content\/uploads\/2023\/04\/Pointe-Trembles-TeC.png","type":"image\/png"}],"author":"cinetic","twitter_card":"summary_large_image","twitter_creator":"@cinetic","twitter_misc":{"Written by":"cinetic","Est. reading time":"1 minute"},"schema":{"@context":"https:\/\/schema.org","@graph":[{"@type":"Article","@id":"https:\/\/transitionencommun.org\/en\/pointe-aux-trembles-welcomes-transition-en-commun\/#article","isPartOf":{"@id":"https:\/\/transitionencommun.org\/en\/pointe-aux-trembles-welcomes-transition-en-commun\/"},"author":{"name":"cinetic","@id":"https:\/\/transitionencommun.org\/en\/#\/schema\/person\/318262fc5a1773877036d341edbf282e"},"headline":"Pointe aux Trembles welcomes Transition en Commun","datePublished":"2023-02-14T14:21:05+00:00","dateModified":"2025-02-24T19:44:26+00:00","mainEntityOfPage":{"@id":"https:\/\/transitionencommun.org\/en\/pointe-aux-trembles-welcomes-transition-en-commun\/"},"wordCount":208,"publisher":{"@id":"https:\/\/transitionencommun.org\/en\/#organization"},"image":{"@id":"https:\/\/transitionencommun.org\/en\/pointe-aux-trembles-welcomes-transition-en-commun\/#primaryimage"},"thumbnailUrl":"https:\/\/transitionencommun.org\/wp-content\/uploads\/2023\/04\/Pointe-Trembles-TeC.png","articleSection":["News"],"inLanguage":"en-US"},{"@type":"WebPage","@id":"https:\/\/transitionencommun.org\/en\/pointe-aux-trembles-welcomes-transition-en-commun\/","url":"https:\/\/transitionencommun.org\/en\/pointe-aux-trembles-welcomes-transition-en-commun\/","name":"Pointe aux Trembles welcomes Transition en Commun - Transition en commun","isPartOf":{"@id":"https:\/\/transitionencommun.org\/en\/#website"},"primaryImageOfPage":{"@id":"https:\/\/transitionencommun.org\/en\/pointe-aux-trembles-welcomes-transition-en-commun\/#primaryimage"},"image":{"@id":"https:\/\/transitionencommun.org\/en\/pointe-aux-trembles-welcomes-transition-en-commun\/#primaryimage"},"thumbnailUrl":"https:\/\/transitionencommun.org\/wp-content\/uploads\/2023\/04\/Pointe-Trembles-TeC.png","datePublished":"2023-02-14T14:21:05+00:00","dateModified":"2025-02-24T19:44:26+00:00","breadcrumb":{"@id":"https:\/\/transitionencommun.org\/en\/pointe-aux-trembles-welcomes-transition-en-commun\/#breadcrumb"},"inLanguage":"en-US","potentialAction":[{"@type":"ReadAction","target":["https:\/\/transitionencommun.org\/en\/pointe-aux-trembles-welcomes-transition-en-commun\/"]}]},{"@type":"ImageObject","inLanguage":"en-US","@id":"https:\/\/transitionencommun.org\/en\/pointe-aux-trembles-welcomes-transition-en-commun\/#primaryimage","url":"https:\/\/transitionencommun.org\/wp-content\/uploads\/2023\/04\/Pointe-Trembles-TeC.png","contentUrl":"https:\/\/transitionencommun.org\/wp-content\/uploads\/2023\/04\/Pointe-Trembles-TeC.png","width":512,"height":288},{"@type":"BreadcrumbList","@id":"https:\/\/transitionencommun.org\/en\/pointe-aux-trembles-welcomes-transition-en-commun\/#breadcrumb","itemListElement":[{"@type":"ListItem","position":1,"name":"Accueil","item":"https:\/\/transitionencommun.org\/en\/"},{"@type":"ListItem","position":2,"name":"Pointe aux Trembles welcomes Transition en Commun"}]},{"@type":"WebSite","@id":"https:\/\/transitionencommun.org\/en\/#website","url":"https:\/\/transitionencommun.org\/en\/","name":"Transition en commun","description":"","publisher":{"@id":"https:\/\/transitionencommun.org\/en\/#organization"},"potentialAction":[{"@type":"SearchAction","target":{"@type":"EntryPoint","urlTemplate":"https:\/\/transitionencommun.org\/en\/?s={search_term_string}"},"query-input":{"@type":"PropertyValueSpecification","valueRequired":true,"valueName":"search_term_string"}}],"inLanguage":"en-US"},{"@type":"Organization","@id":"https:\/\/transitionencommun.org\/en\/#organization","name":"Transition en commun","url":"https:\/\/transitionencommun.org\/en\/","logo":{"@type":"ImageObject","inLanguage":"en-US","@id":"https:\/\/transitionencommun.org\/en\/#\/schema\/logo\/image\/","url":"https:\/\/transitionencommun.org\/wp-content\/uploads\/2024\/06\/Big-logo.png","contentUrl":"https:\/\/transitionencommun.org\/wp-content\/uploads\/2024\/06\/Big-logo.png","width":257,"height":115,"caption":"Transition en commun"},"image":{"@id":"https:\/\/transitionencommun.org\/en\/#\/schema\/logo\/image\/"},"sameAs":["https:\/\/www.facebook.com\/transitionencommun\/","https:\/\/www.instagram.com\/transitionencommun\/","https:\/\/www.linkedin.com\/company\/transition-en-commun\/"]},{"@type":"Person","@id":"https:\/\/transitionencommun.org\/en\/#\/schema\/person\/318262fc5a1773877036d341edbf282e","name":"cinetic","image":{"@type":"ImageObject","inLanguage":"en-US","@id":"https:\/\/secure.gravatar.com\/avatar\/a482a110bf53965000a200e79f6133488d1f55a689855942fec9c9a3a65bb16c?s=96&d=mm&r=g","url":"https:\/\/secure.gravatar.com\/avatar\/a482a110bf53965000a200e79f6133488d1f55a689855942fec9c9a3a65bb16c?s=96&d=mm&r=g","contentUrl":"https:\/\/secure.gravatar.com\/avatar\/a482a110bf53965000a200e79f6133488d1f55a689855942fec9c9a3a65bb16c?s=96&d=mm&r=g","caption":"cinetic"},"sameAs":["https:\/\/transitionencommun.org","https:\/\/x.com\/cinetic"]}]}},"_links":{"self":[{"href":"https:\/\/transitionencommun.org\/en\/wp-json\/wp\/v2\/posts\/4880","targetHints":{"allow":["GET"]}}],"collection":[{"href":"https:\/\/transitionencommun.org\/en\/wp-json\/wp\/v2\/posts"}],"about":[{"href":"https:\/\/transitionencommun.org\/en\/wp-json\/wp\/v2\/types\/post"}],"author":[{"embeddable":true,"href":"https:\/\/transitionencommun.org\/en\/wp-json\/wp\/v2\/users\/1"}],"replies":[{"embeddable":true,"href":"https:\/\/transitionencommun.org\/en\/wp-json\/wp\/v2\/comments?post=4880"}],"version-history":[{"count":0,"href":"https:\/\/transitionencommun.org\/en\/wp-json\/wp\/v2\/posts\/4880\/revisions"}],"wp:featuredmedia":[{"embeddable":true,"href":"https:\/\/transitionencommun.org\/en\/wp-json\/wp\/v2\/media\/3182"}],"wp:attachment":[{"href":"https:\/\/transitionencommun.org\/en\/wp-json\/wp\/v2\/media?parent=4880"}],"wp:term":[{"taxonomy":"category","embeddable":true,"href":"https:\/\/transitionencommun.org\/en\/wp-json\/wp\/v2\/categories?post=4880"},{"taxonomy":"post_tag","embeddable":true,"href":"https:\/\/transitionencommun.org\/en\/wp-json\/wp\/v2\/tags?post=4880"}],"curies":[{"name":"wp","href":"https:\/\/api.w.org\/{rel}","templated":true}]}}