{"id":4888,"date":"2023-04-04T09:30:50","date_gmt":"2023-04-04T13:30:50","guid":{"rendered":"https:\/\/transitionencommun.org\/panel-on-feminist-perspectives-for-environmental-justice\/"},"modified":"2025-02-24T14:48:02","modified_gmt":"2025-02-24T19:48:02","slug":"panel-on-feminist-perspectives-for-environmental-justice","status":"publish","type":"post","link":"https:\/\/transitionencommun.org\/en\/panel-on-feminist-perspectives-for-environmental-justice\/","title":{"rendered":"Panel on Feminist Perspectives for Environmental Justice"},"content":{"rendered":"<section class=\"l-section wpb_row height_medium\"><div class=\"l-section-h i-cf\"><div class=\"g-cols vc_row via_grid cols_1 laptops-cols_inherit tablets-cols_inherit mobiles-cols_1 valign_top type_default stacking_default\"><div class=\"wpb_column vc_column_container\"><div class=\"vc_column-inner\"><div class=\"wpb_text_column\"><div class=\"wpb_wrapper\"><p><a href=\"https:\/\/fr.davidsuzuki.org\/blogue\/retour-sur-le-panel-perspectives-feministes-pour-la-justice-environnementale\/\">A look back at the panel &#8220;Feminist Perspectives for Environmental Justice&#8221; &#8211; David Suzuki Foundation<\/a><\/p>\n<p>A member of Transition in Common, the David Suzuki Foundation (SDF) organized the Feminist Perspectives for Environmental Justice panel on March 28, following International Women&#8217;s Day on March 8.<\/p>\n<p>As the FDS pointed out in its latest report on environmental justice in Quebec, &#8220;Some communities bear an inequitable and disproportionate burden of environmental damage and risks, because they are disadvantaged, racialized, Indigenous [&#8230;] What we call environmental justice is the highlighting of these injustices, and a set of measures to address them. \u00bb<\/p>\n<p>For example, climate change has a disproportionate impact on women, who do not have the same degree of vulnerability and adaptation to environmental risks as men.<\/p>\n<p>In this context, four guests exchanged their feminist points of view: St\u00e9phanie Germain from \u00c9duconnexion, Karine P\u00e9loffy from Mothers on the Front \u2013 Montreal, Colette Leli\u00e8vre from Amnesty International Canada Francophone and Am\u00e9lie Boudot from the Conseil des Montr\u00e9alaises.<\/p>\n<\/div><\/div><\/div><\/div><\/div><\/div><\/section>\n","protected":false},"excerpt":{"rendered":"A look back at the panel &#8220;Feminist Perspectives for Environmental Justice&#8221; &#8211; David Suzuki Foundation A member of Transition in Common, the David Suzuki Foundation (SDF) organized the Feminist Perspectives for Environmental Justice panel on March 28, following International Women&#8217;s Day on March 8. As the FDS pointed out in its latest report on environmental...","protected":false},"author":1,"featured_media":3181,"comment_status":"closed","ping_status":"closed","sticky":false,"template":"","format":"standard","meta":{"_acf_changed":false,"footnotes":""},"categories":[50],"tags":[],"class_list":["post-4888","post","type-post","status-publish","format-standard","has-post-thumbnail","hentry","category-news-en"],"acf":[],"yoast_head":"<!-- This site is optimized with the Yoast SEO plugin v28.3 - https:\/\/yoast.com\/product\/yoast-seo-wordpress\/ -->\n<title>Panel on Feminist Perspectives for Environmental Justice - Transition en commun<\/title>\n<meta name=\"robots\" content=\"index, follow, max-snippet:-1, max-image-preview:large, max-video-preview:-1\" \/>\n<link rel=\"canonical\" href=\"https:\/\/transitionencommun.org\/en\/panel-on-feminist-perspectives-for-environmental-justice\/\" \/>\n<meta property=\"og:locale\" content=\"en_US\" \/>\n<meta property=\"og:type\" content=\"article\" \/>\n<meta property=\"og:title\" content=\"Panel on Feminist Perspectives for Environmental Justice - Transition en commun\" \/>\n<meta property=\"og:url\" content=\"https:\/\/transitionencommun.org\/en\/panel-on-feminist-perspectives-for-environmental-justice\/\" \/>\n<meta property=\"og:site_name\" content=\"Transition en commun\" \/>\n<meta property=\"article:publisher\" content=\"https:\/\/www.facebook.com\/transitionencommun\/\" \/>\n<meta property=\"article:published_time\" content=\"2023-04-04T13:30:50+00:00\" \/>\n<meta property=\"article:modified_time\" content=\"2025-02-24T19:48:02+00:00\" \/>\n<meta property=\"og:image\" content=\"https:\/\/transitionencommun.org\/wp-content\/uploads\/2023\/04\/panel-Perspectives-feministes-1024x682-1.jpg\" \/>\n\t<meta property=\"og:image:width\" content=\"1024\" \/>\n\t<meta property=\"og:image:height\" content=\"682\" \/>\n\t<meta property=\"og:image:type\" content=\"image\/jpeg\" \/>\n<meta name=\"author\" content=\"cinetic\" \/>\n<meta name=\"twitter:card\" content=\"summary_large_image\" \/>\n<meta name=\"twitter:creator\" content=\"@cinetic\" \/>\n<meta name=\"twitter:label1\" content=\"Written by\" \/>\n\t<meta name=\"twitter:data1\" content=\"cinetic\" \/>\n\t<meta name=\"twitter:label2\" content=\"Est. reading time\" \/>\n\t<meta name=\"twitter:data2\" content=\"1 minute\" \/>\n<script type=\"application\/ld+json\" class=\"yoast-schema-graph\">{\"@context\":\"https:\\\/\\\/schema.org\",\"@graph\":[{\"@type\":\"Article\",\"@id\":\"https:\\\/\\\/transitionencommun.org\\\/en\\\/panel-on-feminist-perspectives-for-environmental-justice\\\/#article\",\"isPartOf\":{\"@id\":\"https:\\\/\\\/transitionencommun.org\\\/en\\\/panel-on-feminist-perspectives-for-environmental-justice\\\/\"},\"author\":{\"name\":\"cinetic\",\"@id\":\"https:\\\/\\\/transitionencommun.org\\\/en\\\/#\\\/schema\\\/person\\\/318262fc5a1773877036d341edbf282e\"},\"headline\":\"Panel on Feminist Perspectives for Environmental Justice\",\"datePublished\":\"2023-04-04T13:30:50+00:00\",\"dateModified\":\"2025-02-24T19:48:02+00:00\",\"mainEntityOfPage\":{\"@id\":\"https:\\\/\\\/transitionencommun.org\\\/en\\\/panel-on-feminist-perspectives-for-environmental-justice\\\/\"},\"wordCount\":186,\"publisher\":{\"@id\":\"https:\\\/\\\/transitionencommun.org\\\/en\\\/#organization\"},\"image\":{\"@id\":\"https:\\\/\\\/transitionencommun.org\\\/en\\\/panel-on-feminist-perspectives-for-environmental-justice\\\/#primaryimage\"},\"thumbnailUrl\":\"https:\\\/\\\/transitionencommun.org\\\/wp-content\\\/uploads\\\/2023\\\/04\\\/panel-Perspectives-feministes-1024x682-1.jpg\",\"articleSection\":[\"News\"],\"inLanguage\":\"en-US\"},{\"@type\":\"WebPage\",\"@id\":\"https:\\\/\\\/transitionencommun.org\\\/en\\\/panel-on-feminist-perspectives-for-environmental-justice\\\/\",\"url\":\"https:\\\/\\\/transitionencommun.org\\\/en\\\/panel-on-feminist-perspectives-for-environmental-justice\\\/\",\"name\":\"Panel on Feminist Perspectives for Environmental Justice - Transition en commun\",\"isPartOf\":{\"@id\":\"https:\\\/\\\/transitionencommun.org\\\/en\\\/#website\"},\"primaryImageOfPage\":{\"@id\":\"https:\\\/\\\/transitionencommun.org\\\/en\\\/panel-on-feminist-perspectives-for-environmental-justice\\\/#primaryimage\"},\"image\":{\"@id\":\"https:\\\/\\\/transitionencommun.org\\\/en\\\/panel-on-feminist-perspectives-for-environmental-justice\\\/#primaryimage\"},\"thumbnailUrl\":\"https:\\\/\\\/transitionencommun.org\\\/wp-content\\\/uploads\\\/2023\\\/04\\\/panel-Perspectives-feministes-1024x682-1.jpg\",\"datePublished\":\"2023-04-04T13:30:50+00:00\",\"dateModified\":\"2025-02-24T19:48:02+00:00\",\"breadcrumb\":{\"@id\":\"https:\\\/\\\/transitionencommun.org\\\/en\\\/panel-on-feminist-perspectives-for-environmental-justice\\\/#breadcrumb\"},\"inLanguage\":\"en-US\",\"potentialAction\":[{\"@type\":\"ReadAction\",\"target\":[\"https:\\\/\\\/transitionencommun.org\\\/en\\\/panel-on-feminist-perspectives-for-environmental-justice\\\/\"]}]},{\"@type\":\"ImageObject\",\"inLanguage\":\"en-US\",\"@id\":\"https:\\\/\\\/transitionencommun.org\\\/en\\\/panel-on-feminist-perspectives-for-environmental-justice\\\/#primaryimage\",\"url\":\"https:\\\/\\\/transitionencommun.org\\\/wp-content\\\/uploads\\\/2023\\\/04\\\/panel-Perspectives-feministes-1024x682-1.jpg\",\"contentUrl\":\"https:\\\/\\\/transitionencommun.org\\\/wp-content\\\/uploads\\\/2023\\\/04\\\/panel-Perspectives-feministes-1024x682-1.jpg\",\"width\":1024,\"height\":682},{\"@type\":\"BreadcrumbList\",\"@id\":\"https:\\\/\\\/transitionencommun.org\\\/en\\\/panel-on-feminist-perspectives-for-environmental-justice\\\/#breadcrumb\",\"itemListElement\":[{\"@type\":\"ListItem\",\"position\":1,\"name\":\"Accueil\",\"item\":\"https:\\\/\\\/transitionencommun.org\\\/en\\\/\"},{\"@type\":\"ListItem\",\"position\":2,\"name\":\"Panel on Feminist Perspectives for Environmental Justice\"}]},{\"@type\":\"WebSite\",\"@id\":\"https:\\\/\\\/transitionencommun.org\\\/en\\\/#website\",\"url\":\"https:\\\/\\\/transitionencommun.org\\\/en\\\/\",\"name\":\"Transition en commun\",\"description\":\"\",\"publisher\":{\"@id\":\"https:\\\/\\\/transitionencommun.org\\\/en\\\/#organization\"},\"potentialAction\":[{\"@type\":\"SearchAction\",\"target\":{\"@type\":\"EntryPoint\",\"urlTemplate\":\"https:\\\/\\\/transitionencommun.org\\\/en\\\/?s={search_term_string}\"},\"query-input\":{\"@type\":\"PropertyValueSpecification\",\"valueRequired\":true,\"valueName\":\"search_term_string\"}}],\"inLanguage\":\"en-US\"},{\"@type\":\"Organization\",\"@id\":\"https:\\\/\\\/transitionencommun.org\\\/en\\\/#organization\",\"name\":\"Transition en commun\",\"url\":\"https:\\\/\\\/transitionencommun.org\\\/en\\\/\",\"logo\":{\"@type\":\"ImageObject\",\"inLanguage\":\"en-US\",\"@id\":\"https:\\\/\\\/transitionencommun.org\\\/en\\\/#\\\/schema\\\/logo\\\/image\\\/\",\"url\":\"https:\\\/\\\/transitionencommun.org\\\/wp-content\\\/uploads\\\/2024\\\/06\\\/Big-logo.png\",\"contentUrl\":\"https:\\\/\\\/transitionencommun.org\\\/wp-content\\\/uploads\\\/2024\\\/06\\\/Big-logo.png\",\"width\":257,\"height\":115,\"caption\":\"Transition en commun\"},\"image\":{\"@id\":\"https:\\\/\\\/transitionencommun.org\\\/en\\\/#\\\/schema\\\/logo\\\/image\\\/\"},\"sameAs\":[\"https:\\\/\\\/www.facebook.com\\\/transitionencommun\\\/\",\"https:\\\/\\\/www.instagram.com\\\/transitionencommun\\\/\",\"https:\\\/\\\/www.linkedin.com\\\/company\\\/transition-en-commun\\\/\"]},{\"@type\":\"Person\",\"@id\":\"https:\\\/\\\/transitionencommun.org\\\/en\\\/#\\\/schema\\\/person\\\/318262fc5a1773877036d341edbf282e\",\"name\":\"cinetic\",\"image\":{\"@type\":\"ImageObject\",\"inLanguage\":\"en-US\",\"@id\":\"https:\\\/\\\/secure.gravatar.com\\\/avatar\\\/a482a110bf53965000a200e79f6133488d1f55a689855942fec9c9a3a65bb16c?s=96&d=mm&r=g\",\"url\":\"https:\\\/\\\/secure.gravatar.com\\\/avatar\\\/a482a110bf53965000a200e79f6133488d1f55a689855942fec9c9a3a65bb16c?s=96&d=mm&r=g\",\"contentUrl\":\"https:\\\/\\\/secure.gravatar.com\\\/avatar\\\/a482a110bf53965000a200e79f6133488d1f55a689855942fec9c9a3a65bb16c?s=96&d=mm&r=g\",\"caption\":\"cinetic\"},\"sameAs\":[\"https:\\\/\\\/transitionencommun.org\",\"https:\\\/\\\/x.com\\\/cinetic\"]}]}<\/script>\n<!-- \/ Yoast SEO plugin. -->","yoast_head_json":{"title":"Panel on Feminist Perspectives for Environmental Justice - Transition en commun","robots":{"index":"index","follow":"follow","max-snippet":"max-snippet:-1","max-image-preview":"max-image-preview:large","max-video-preview":"max-video-preview:-1"},"canonical":"https:\/\/transitionencommun.org\/en\/panel-on-feminist-perspectives-for-environmental-justice\/","og_locale":"en_US","og_type":"article","og_title":"Panel on Feminist Perspectives for Environmental Justice - Transition en commun","og_url":"https:\/\/transitionencommun.org\/en\/panel-on-feminist-perspectives-for-environmental-justice\/","og_site_name":"Transition en commun","article_publisher":"https:\/\/www.facebook.com\/transitionencommun\/","article_published_time":"2023-04-04T13:30:50+00:00","article_modified_time":"2025-02-24T19:48:02+00:00","og_image":[{"width":1024,"height":682,"url":"https:\/\/transitionencommun.org\/wp-content\/uploads\/2023\/04\/panel-Perspectives-feministes-1024x682-1.jpg","type":"image\/jpeg"}],"author":"cinetic","twitter_card":"summary_large_image","twitter_creator":"@cinetic","twitter_misc":{"Written by":"cinetic","Est. reading time":"1 minute"},"schema":{"@context":"https:\/\/schema.org","@graph":[{"@type":"Article","@id":"https:\/\/transitionencommun.org\/en\/panel-on-feminist-perspectives-for-environmental-justice\/#article","isPartOf":{"@id":"https:\/\/transitionencommun.org\/en\/panel-on-feminist-perspectives-for-environmental-justice\/"},"author":{"name":"cinetic","@id":"https:\/\/transitionencommun.org\/en\/#\/schema\/person\/318262fc5a1773877036d341edbf282e"},"headline":"Panel on Feminist Perspectives for Environmental Justice","datePublished":"2023-04-04T13:30:50+00:00","dateModified":"2025-02-24T19:48:02+00:00","mainEntityOfPage":{"@id":"https:\/\/transitionencommun.org\/en\/panel-on-feminist-perspectives-for-environmental-justice\/"},"wordCount":186,"publisher":{"@id":"https:\/\/transitionencommun.org\/en\/#organization"},"image":{"@id":"https:\/\/transitionencommun.org\/en\/panel-on-feminist-perspectives-for-environmental-justice\/#primaryimage"},"thumbnailUrl":"https:\/\/transitionencommun.org\/wp-content\/uploads\/2023\/04\/panel-Perspectives-feministes-1024x682-1.jpg","articleSection":["News"],"inLanguage":"en-US"},{"@type":"WebPage","@id":"https:\/\/transitionencommun.org\/en\/panel-on-feminist-perspectives-for-environmental-justice\/","url":"https:\/\/transitionencommun.org\/en\/panel-on-feminist-perspectives-for-environmental-justice\/","name":"Panel on Feminist Perspectives for Environmental Justice - Transition en commun","isPartOf":{"@id":"https:\/\/transitionencommun.org\/en\/#website"},"primaryImageOfPage":{"@id":"https:\/\/transitionencommun.org\/en\/panel-on-feminist-perspectives-for-environmental-justice\/#primaryimage"},"image":{"@id":"https:\/\/transitionencommun.org\/en\/panel-on-feminist-perspectives-for-environmental-justice\/#primaryimage"},"thumbnailUrl":"https:\/\/transitionencommun.org\/wp-content\/uploads\/2023\/04\/panel-Perspectives-feministes-1024x682-1.jpg","datePublished":"2023-04-04T13:30:50+00:00","dateModified":"2025-02-24T19:48:02+00:00","breadcrumb":{"@id":"https:\/\/transitionencommun.org\/en\/panel-on-feminist-perspectives-for-environmental-justice\/#breadcrumb"},"inLanguage":"en-US","potentialAction":[{"@type":"ReadAction","target":["https:\/\/transitionencommun.org\/en\/panel-on-feminist-perspectives-for-environmental-justice\/"]}]},{"@type":"ImageObject","inLanguage":"en-US","@id":"https:\/\/transitionencommun.org\/en\/panel-on-feminist-perspectives-for-environmental-justice\/#primaryimage","url":"https:\/\/transitionencommun.org\/wp-content\/uploads\/2023\/04\/panel-Perspectives-feministes-1024x682-1.jpg","contentUrl":"https:\/\/transitionencommun.org\/wp-content\/uploads\/2023\/04\/panel-Perspectives-feministes-1024x682-1.jpg","width":1024,"height":682},{"@type":"BreadcrumbList","@id":"https:\/\/transitionencommun.org\/en\/panel-on-feminist-perspectives-for-environmental-justice\/#breadcrumb","itemListElement":[{"@type":"ListItem","position":1,"name":"Accueil","item":"https:\/\/transitionencommun.org\/en\/"},{"@type":"ListItem","position":2,"name":"Panel on Feminist Perspectives for Environmental Justice"}]},{"@type":"WebSite","@id":"https:\/\/transitionencommun.org\/en\/#website","url":"https:\/\/transitionencommun.org\/en\/","name":"Transition en commun","description":"","publisher":{"@id":"https:\/\/transitionencommun.org\/en\/#organization"},"potentialAction":[{"@type":"SearchAction","target":{"@type":"EntryPoint","urlTemplate":"https:\/\/transitionencommun.org\/en\/?s={search_term_string}"},"query-input":{"@type":"PropertyValueSpecification","valueRequired":true,"valueName":"search_term_string"}}],"inLanguage":"en-US"},{"@type":"Organization","@id":"https:\/\/transitionencommun.org\/en\/#organization","name":"Transition en commun","url":"https:\/\/transitionencommun.org\/en\/","logo":{"@type":"ImageObject","inLanguage":"en-US","@id":"https:\/\/transitionencommun.org\/en\/#\/schema\/logo\/image\/","url":"https:\/\/transitionencommun.org\/wp-content\/uploads\/2024\/06\/Big-logo.png","contentUrl":"https:\/\/transitionencommun.org\/wp-content\/uploads\/2024\/06\/Big-logo.png","width":257,"height":115,"caption":"Transition en commun"},"image":{"@id":"https:\/\/transitionencommun.org\/en\/#\/schema\/logo\/image\/"},"sameAs":["https:\/\/www.facebook.com\/transitionencommun\/","https:\/\/www.instagram.com\/transitionencommun\/","https:\/\/www.linkedin.com\/company\/transition-en-commun\/"]},{"@type":"Person","@id":"https:\/\/transitionencommun.org\/en\/#\/schema\/person\/318262fc5a1773877036d341edbf282e","name":"cinetic","image":{"@type":"ImageObject","inLanguage":"en-US","@id":"https:\/\/secure.gravatar.com\/avatar\/a482a110bf53965000a200e79f6133488d1f55a689855942fec9c9a3a65bb16c?s=96&d=mm&r=g","url":"https:\/\/secure.gravatar.com\/avatar\/a482a110bf53965000a200e79f6133488d1f55a689855942fec9c9a3a65bb16c?s=96&d=mm&r=g","contentUrl":"https:\/\/secure.gravatar.com\/avatar\/a482a110bf53965000a200e79f6133488d1f55a689855942fec9c9a3a65bb16c?s=96&d=mm&r=g","caption":"cinetic"},"sameAs":["https:\/\/transitionencommun.org","https:\/\/x.com\/cinetic"]}]}},"_links":{"self":[{"href":"https:\/\/transitionencommun.org\/en\/wp-json\/wp\/v2\/posts\/4888","targetHints":{"allow":["GET"]}}],"collection":[{"href":"https:\/\/transitionencommun.org\/en\/wp-json\/wp\/v2\/posts"}],"about":[{"href":"https:\/\/transitionencommun.org\/en\/wp-json\/wp\/v2\/types\/post"}],"author":[{"embeddable":true,"href":"https:\/\/transitionencommun.org\/en\/wp-json\/wp\/v2\/users\/1"}],"replies":[{"embeddable":true,"href":"https:\/\/transitionencommun.org\/en\/wp-json\/wp\/v2\/comments?post=4888"}],"version-history":[{"count":0,"href":"https:\/\/transitionencommun.org\/en\/wp-json\/wp\/v2\/posts\/4888\/revisions"}],"wp:featuredmedia":[{"embeddable":true,"href":"https:\/\/transitionencommun.org\/en\/wp-json\/wp\/v2\/media\/3181"}],"wp:attachment":[{"href":"https:\/\/transitionencommun.org\/en\/wp-json\/wp\/v2\/media?parent=4888"}],"wp:term":[{"taxonomy":"category","embeddable":true,"href":"https:\/\/transitionencommun.org\/en\/wp-json\/wp\/v2\/categories?post=4888"},{"taxonomy":"post_tag","embeddable":true,"href":"https:\/\/transitionencommun.org\/en\/wp-json\/wp\/v2\/tags?post=4888"}],"curies":[{"name":"wp","href":"https:\/\/api.w.org\/{rel}","templated":true}]}}