{"id":4892,"date":"2023-04-05T09:34:14","date_gmt":"2023-04-05T13:34:14","guid":{"rendered":"https:\/\/transitionencommun.org\/2nd-edition-of-the-montreal-climate-summit-an-ambitious-program-to-address-the-climate-emergency\/"},"modified":"2025-02-24T14:54:06","modified_gmt":"2025-02-24T19:54:06","slug":"2nd-edition-of-the-montreal-climate-summit-an-ambitious-program-to-address-the-climate-emergency","status":"publish","type":"post","link":"https:\/\/transitionencommun.org\/en\/2nd-edition-of-the-montreal-climate-summit-an-ambitious-program-to-address-the-climate-emergency\/","title":{"rendered":"2nd Edition of the Montreal Climate Summit: An Ambitious Program to Address The Climate Emergency"},"content":{"rendered":"<section class=\"l-section wpb_row height_medium\"><div class=\"l-section-h i-cf\"><div class=\"g-cols vc_row via_grid cols_1 laptops-cols_inherit tablets-cols_inherit mobiles-cols_1 valign_top type_default stacking_default\"><div class=\"wpb_column vc_column_container\"><div class=\"vc_column-inner\"><div class=\"wpb_text_column\"><div class=\"wpb_wrapper\"><p>Montreal, April 5, 2023 \u2013 The Montreal Climate Partnership, in collaboration with the City of Montreal, unveils the headliners of the 2nd edition of the Montreal Climate Summit. More than 800 people from the business, philanthropic, political, community, environmental and civil society communities are expected to attend the 2023 edition of this annual event, which will take place on May 9 and 10, 2023 at the Port of Montreal&#8217;s Grand Quay.<\/p>\n<p>Montr\u00e9al Mayor Val\u00e9rie Plante will kick off the Summit, accompanied by Genevi\u00e8ve Guilbault, Deputy Premier of Qu\u00e9bec and Minister of Transport and Sustainable Mobility, and Benoit Charette, Qu\u00e9bec Minister of the Environment, the Fight against Climate Change, Wildlife and Parks. It will then be the turn of major players in the city to announce new ambitious climate commitments as part of a round table moderated by Christian Savard, Executive Director of Vivre en Ville.<\/p>\n<p>Federal Environment and Climate Change Minister Steven Guilbeault will open Day 2 of the Summit on May 10 at 9 a.m., followed by high-profile figures such as David Miller, Executive Director of C40, and Dr. Mar\u00eda Neira, Director of the Department of Public Health, Environment and Social Determinants of Health at the World Health Organization (WHO). This edition will also make it possible to <a href=\"https:\/\/uploads-ssl.webflow.com\/621ce515ef969400d192d51a\/63615a7eee27475416390ca6_SCM-Actes-2022-FR-WEB.pdf\" target=\"_blank\" rel=\"noopener\">follow up on the climate commitments<\/a> made at the 2022 Montreal Climate Summit.<\/p>\n<p>&#8220;The Montreal Climate Summit is an unmissable event to accelerate the ecological transition. This major challenge requires concrete actions from the entire community, and this edition will be an opportunity to continue implementing the actions necessary for the city&#8217;s resilience with our partners.&#8221; Montr\u00e9al&#8217;s environmental ambition stands out on the international stage, and this summit will be an opportunity to discuss the progress of the Climate Plan, while presenting the City&#8217;s next steps towards carbon neutrality, particularly in terms of mobility,&#8221; said Val\u00e9rie Plante, Mayor of Montr\u00e9al.<\/p>\n<p>&#8220;To meet the city&#8217;s climate challenge, it is necessary to join all our forces: economic, philanthropic, institutional and community. Take the example of mobility, which is the number 1 source of greenhouse gases in Montreal: meeting the dual challenge of congestion and reducing GHG emissions will require the mobilization of all stakeholders around a common vision. This mobilization is already very present among all those who will take part in the Summit, and we hope that the event will raise their level of ambition,&#8221; said the co-chairs of the Montreal Climate Partnership Karel Mayrand, President and CEO of the Foundation of Greater Montreal, and \u00c9ric St-Pierre, Executive Director of the Trottier Family Foundation.<\/p>\n<h2 class=\"smaller\">More than 25 organizations and a hundred or so stakeholders united for an ambitious program<\/h2>\n<p>After a first morning that will set the tone for an ambitious 2023 edition, the Montreal Climate Summit will bring together hundreds of leaders from all walks of life over 2 days around thirty activities to identify concrete, realistic and rapid courses of action to meet the city&#8217;s climate challenges. The themes of mobility, buildings, adaptation, community and business support will be on the agenda. It will thus pool all the efforts and expertise of the Montr\u00e9al ecosystem to quickly decarbonize buildings and transportation, and make Montr\u00e9al a more resilient and inclusive metropolis.<\/p>\n<p>See the full program here: <a href=\"https:\/\/www.sommetclimatmtl.com\/sommet-climat-2023\" target=\"_blank\" rel=\"noopener\">www.sommetclimatmtl.com\/sommet-climat-2023<\/a><\/p>\n<p><strong>Practical Infos<\/strong><\/p>\n<p>When: May 9 and 10, 2023 Where: Grand Quay of the Port of Montreal (200 de la Commune Street West), Montreal Organizers: Montreal Climate Partnership, in collaboration with the City of Montreal To consult the program and register: <a href=\"http:\/\/www.sommetclimatmtl.com\/\" target=\"_blank\" rel=\"noopener\">sommetclimatmtl.com<\/a><\/p>\n<h2 class=\"smaller\">The programme&#8217;s partner organisers<\/h2>\n<p>The Summit is organized by the Montreal Climate Partnership, in collaboration with the City of Montreal, and with the direct contribution of the Centre for Intersectoral Studies and Research in the Circular Economy, the Intact Centre on Climate Adaptation &#8211; University of Waterloo, the Board of Trade of Metropolitan Montreal, the Montreal Coalition of Neighbourhood Tables, the Communaut\u00e9 m\u00e9tropolitaine de Montr\u00e9al, the Conseil r\u00e9gional de l&#8217;environnement de Montr\u00e9al, Coop Carbone, COPTICOM, Strategies and Public Relations, Culture Montr\u00e9al, Econoler, the F\u00e9d\u00e9ration des travailleurs et travailleuses du Qu\u00e9bec, Finance Montr\u00e9al, Fondaction, the David Suzuki Foundation, the Foundation of Greater Montreal, the Trottier Family Foundation, the Climate Fund of Greater Montreal, HEC Montr\u00e9al, the Junior Chamber of Commerce of Montreal, Philanthropic Foundations Canada, OGIVE art and education, the Collective Impact Project &#8211; Centraide of Greater Montreal, Propulsion Qu\u00e9bec Electric and Smart Transportation Cluster, Transition in Common, UNIVER\/CITY 2030 and Vivre en Ville.<\/p>\n<p>The Montreal Climate Summit is made possible thanks to the support of the Port of Montreal&#8217;s Grand Quay, Fondaction, the Greater Montreal Climate Fund, Cogeco Media, CDPQ, Desjardins, the Fonds de solidarit\u00e9 FTQ, Matrox Video, Hydro-Qu\u00e9bec, \u00c9nergir, the Universit\u00e9 du Qu\u00e9bec \u00e0 Montr\u00e9al (UQAM), the Jewish Community Foundation of Montreal, the Foundation of Greater Montreal, YUL Montr\u00e9al-Trudeau International Airport, Altitude C and COPTICOM, Strategies and Public Relations.<\/p>\n<h2 class=\"smaller\">About the Montreal Climate Partnership<\/h2>\n<p>Launched at the initiative of the Foundation of Greater Montreal and the Trottier Family Foundation, the Montreal Climate Partnership (MCP) is an independent initiative that brings together nearly a hundred economic, community, institutional and philanthropic organizations and whose mission is to mobilize key players in the Montreal community to help reduce GHG emissions by 55% by 2030 and put the city on the path to carbon neutrality by 2050.<\/p>\n<p>The CMP builds on the success of the collaboration established in 2018-19 by a group of philanthropic foundations with the City of Montreal and the organization C40 Cities for the development of the City&#8217;s Climate Plan and draws inspiration from the best models of mobilization at the international level, such as the Green Ribbon Commission in Boston and the London Business Climate Leaders. The Partnership places the City among the world&#8217;s major cities grouped within the C40 by making the ecological transition a pillar of its prosperity and attractiveness. The initiative is funded by the Foundation of Greater Montreal, the Trottier Family Foundation, the McConnell Foundation and the City of Montreal. For more info: <a href=\"http:\/\/climatmontreal.com\/\" target=\"_blank\" rel=\"noopener\">climatmontreal.com<\/a><\/p>\n<\/div><\/div><\/div><\/div><\/div><\/div><\/section>\n","protected":false},"excerpt":{"rendered":"Montreal, April 5, 2023 \u2013 The Montreal Climate Partnership, in collaboration with the City of Montreal, unveils the headliners of the 2nd edition of the Montreal Climate Summit. More than 800 people from the business, philanthropic, political, community, environmental and civil society communities are expected to attend the 2023 edition of this annual event, which...","protected":false},"author":1,"featured_media":3183,"comment_status":"closed","ping_status":"closed","sticky":false,"template":"","format":"standard","meta":{"_acf_changed":false,"footnotes":""},"categories":[50],"tags":[],"class_list":["post-4892","post","type-post","status-publish","format-standard","has-post-thumbnail","hentry","category-news-en"],"acf":[],"yoast_head":"<!-- This site is optimized with the Yoast SEO plugin v28.3 - https:\/\/yoast.com\/product\/yoast-seo-wordpress\/ -->\n<title>2nd Edition of the Montreal Climate Summit: An Ambitious Program to Address The Climate Emergency - Transition en commun<\/title>\n<meta name=\"robots\" content=\"index, follow, max-snippet:-1, max-image-preview:large, max-video-preview:-1\" \/>\n<link rel=\"canonical\" href=\"https:\/\/transitionencommun.org\/en\/2nd-edition-of-the-montreal-climate-summit-an-ambitious-program-to-address-the-climate-emergency\/\" \/>\n<meta property=\"og:locale\" content=\"en_US\" \/>\n<meta property=\"og:type\" content=\"article\" \/>\n<meta property=\"og:title\" content=\"2nd Edition of the Montreal Climate Summit: An Ambitious Program to Address The Climate Emergency - Transition en commun\" \/>\n<meta property=\"og:url\" content=\"https:\/\/transitionencommun.org\/en\/2nd-edition-of-the-montreal-climate-summit-an-ambitious-program-to-address-the-climate-emergency\/\" \/>\n<meta property=\"og:site_name\" content=\"Transition en commun\" \/>\n<meta property=\"article:publisher\" content=\"https:\/\/www.facebook.com\/transitionencommun\/\" \/>\n<meta property=\"article:published_time\" content=\"2023-04-05T13:34:14+00:00\" \/>\n<meta property=\"article:modified_time\" content=\"2025-02-24T19:54:06+00:00\" \/>\n<meta property=\"og:image\" content=\"https:\/\/transitionencommun.org\/wp-content\/uploads\/2023\/04\/SommetClimatMTL.png\" \/>\n\t<meta property=\"og:image:width\" content=\"396\" \/>\n\t<meta property=\"og:image:height\" content=\"512\" \/>\n\t<meta property=\"og:image:type\" content=\"image\/png\" \/>\n<meta name=\"author\" content=\"cinetic\" \/>\n<meta name=\"twitter:card\" content=\"summary_large_image\" \/>\n<meta name=\"twitter:creator\" content=\"@cinetic\" \/>\n<meta name=\"twitter:label1\" content=\"Written by\" \/>\n\t<meta name=\"twitter:data1\" content=\"cinetic\" \/>\n\t<meta name=\"twitter:label2\" content=\"Est. reading time\" \/>\n\t<meta name=\"twitter:data2\" content=\"5 minutes\" \/>\n<script type=\"application\/ld+json\" class=\"yoast-schema-graph\">{\"@context\":\"https:\\\/\\\/schema.org\",\"@graph\":[{\"@type\":\"Article\",\"@id\":\"https:\\\/\\\/transitionencommun.org\\\/en\\\/2nd-edition-of-the-montreal-climate-summit-an-ambitious-program-to-address-the-climate-emergency\\\/#article\",\"isPartOf\":{\"@id\":\"https:\\\/\\\/transitionencommun.org\\\/en\\\/2nd-edition-of-the-montreal-climate-summit-an-ambitious-program-to-address-the-climate-emergency\\\/\"},\"author\":{\"name\":\"cinetic\",\"@id\":\"https:\\\/\\\/transitionencommun.org\\\/en\\\/#\\\/schema\\\/person\\\/318262fc5a1773877036d341edbf282e\"},\"headline\":\"2nd Edition of the Montreal Climate Summit: An Ambitious Program to Address The Climate Emergency\",\"datePublished\":\"2023-04-05T13:34:14+00:00\",\"dateModified\":\"2025-02-24T19:54:06+00:00\",\"mainEntityOfPage\":{\"@id\":\"https:\\\/\\\/transitionencommun.org\\\/en\\\/2nd-edition-of-the-montreal-climate-summit-an-ambitious-program-to-address-the-climate-emergency\\\/\"},\"wordCount\":1035,\"publisher\":{\"@id\":\"https:\\\/\\\/transitionencommun.org\\\/en\\\/#organization\"},\"image\":{\"@id\":\"https:\\\/\\\/transitionencommun.org\\\/en\\\/2nd-edition-of-the-montreal-climate-summit-an-ambitious-program-to-address-the-climate-emergency\\\/#primaryimage\"},\"thumbnailUrl\":\"https:\\\/\\\/transitionencommun.org\\\/wp-content\\\/uploads\\\/2023\\\/04\\\/SommetClimatMTL.png\",\"articleSection\":[\"News\"],\"inLanguage\":\"en-US\"},{\"@type\":\"WebPage\",\"@id\":\"https:\\\/\\\/transitionencommun.org\\\/en\\\/2nd-edition-of-the-montreal-climate-summit-an-ambitious-program-to-address-the-climate-emergency\\\/\",\"url\":\"https:\\\/\\\/transitionencommun.org\\\/en\\\/2nd-edition-of-the-montreal-climate-summit-an-ambitious-program-to-address-the-climate-emergency\\\/\",\"name\":\"2nd Edition of the Montreal Climate Summit: An Ambitious Program to Address The Climate Emergency - Transition en commun\",\"isPartOf\":{\"@id\":\"https:\\\/\\\/transitionencommun.org\\\/en\\\/#website\"},\"primaryImageOfPage\":{\"@id\":\"https:\\\/\\\/transitionencommun.org\\\/en\\\/2nd-edition-of-the-montreal-climate-summit-an-ambitious-program-to-address-the-climate-emergency\\\/#primaryimage\"},\"image\":{\"@id\":\"https:\\\/\\\/transitionencommun.org\\\/en\\\/2nd-edition-of-the-montreal-climate-summit-an-ambitious-program-to-address-the-climate-emergency\\\/#primaryimage\"},\"thumbnailUrl\":\"https:\\\/\\\/transitionencommun.org\\\/wp-content\\\/uploads\\\/2023\\\/04\\\/SommetClimatMTL.png\",\"datePublished\":\"2023-04-05T13:34:14+00:00\",\"dateModified\":\"2025-02-24T19:54:06+00:00\",\"breadcrumb\":{\"@id\":\"https:\\\/\\\/transitionencommun.org\\\/en\\\/2nd-edition-of-the-montreal-climate-summit-an-ambitious-program-to-address-the-climate-emergency\\\/#breadcrumb\"},\"inLanguage\":\"en-US\",\"potentialAction\":[{\"@type\":\"ReadAction\",\"target\":[\"https:\\\/\\\/transitionencommun.org\\\/en\\\/2nd-edition-of-the-montreal-climate-summit-an-ambitious-program-to-address-the-climate-emergency\\\/\"]}]},{\"@type\":\"ImageObject\",\"inLanguage\":\"en-US\",\"@id\":\"https:\\\/\\\/transitionencommun.org\\\/en\\\/2nd-edition-of-the-montreal-climate-summit-an-ambitious-program-to-address-the-climate-emergency\\\/#primaryimage\",\"url\":\"https:\\\/\\\/transitionencommun.org\\\/wp-content\\\/uploads\\\/2023\\\/04\\\/SommetClimatMTL.png\",\"contentUrl\":\"https:\\\/\\\/transitionencommun.org\\\/wp-content\\\/uploads\\\/2023\\\/04\\\/SommetClimatMTL.png\",\"width\":396,\"height\":512},{\"@type\":\"BreadcrumbList\",\"@id\":\"https:\\\/\\\/transitionencommun.org\\\/en\\\/2nd-edition-of-the-montreal-climate-summit-an-ambitious-program-to-address-the-climate-emergency\\\/#breadcrumb\",\"itemListElement\":[{\"@type\":\"ListItem\",\"position\":1,\"name\":\"Accueil\",\"item\":\"https:\\\/\\\/transitionencommun.org\\\/en\\\/\"},{\"@type\":\"ListItem\",\"position\":2,\"name\":\"2nd Edition of the Montreal Climate Summit: An Ambitious Program to Address The Climate Emergency\"}]},{\"@type\":\"WebSite\",\"@id\":\"https:\\\/\\\/transitionencommun.org\\\/en\\\/#website\",\"url\":\"https:\\\/\\\/transitionencommun.org\\\/en\\\/\",\"name\":\"Transition en commun\",\"description\":\"\",\"publisher\":{\"@id\":\"https:\\\/\\\/transitionencommun.org\\\/en\\\/#organization\"},\"potentialAction\":[{\"@type\":\"SearchAction\",\"target\":{\"@type\":\"EntryPoint\",\"urlTemplate\":\"https:\\\/\\\/transitionencommun.org\\\/en\\\/?s={search_term_string}\"},\"query-input\":{\"@type\":\"PropertyValueSpecification\",\"valueRequired\":true,\"valueName\":\"search_term_string\"}}],\"inLanguage\":\"en-US\"},{\"@type\":\"Organization\",\"@id\":\"https:\\\/\\\/transitionencommun.org\\\/en\\\/#organization\",\"name\":\"Transition en commun\",\"url\":\"https:\\\/\\\/transitionencommun.org\\\/en\\\/\",\"logo\":{\"@type\":\"ImageObject\",\"inLanguage\":\"en-US\",\"@id\":\"https:\\\/\\\/transitionencommun.org\\\/en\\\/#\\\/schema\\\/logo\\\/image\\\/\",\"url\":\"https:\\\/\\\/transitionencommun.org\\\/wp-content\\\/uploads\\\/2024\\\/06\\\/Big-logo.png\",\"contentUrl\":\"https:\\\/\\\/transitionencommun.org\\\/wp-content\\\/uploads\\\/2024\\\/06\\\/Big-logo.png\",\"width\":257,\"height\":115,\"caption\":\"Transition en commun\"},\"image\":{\"@id\":\"https:\\\/\\\/transitionencommun.org\\\/en\\\/#\\\/schema\\\/logo\\\/image\\\/\"},\"sameAs\":[\"https:\\\/\\\/www.facebook.com\\\/transitionencommun\\\/\",\"https:\\\/\\\/www.instagram.com\\\/transitionencommun\\\/\",\"https:\\\/\\\/www.linkedin.com\\\/company\\\/transition-en-commun\\\/\"]},{\"@type\":\"Person\",\"@id\":\"https:\\\/\\\/transitionencommun.org\\\/en\\\/#\\\/schema\\\/person\\\/318262fc5a1773877036d341edbf282e\",\"name\":\"cinetic\",\"image\":{\"@type\":\"ImageObject\",\"inLanguage\":\"en-US\",\"@id\":\"https:\\\/\\\/secure.gravatar.com\\\/avatar\\\/a482a110bf53965000a200e79f6133488d1f55a689855942fec9c9a3a65bb16c?s=96&d=mm&r=g\",\"url\":\"https:\\\/\\\/secure.gravatar.com\\\/avatar\\\/a482a110bf53965000a200e79f6133488d1f55a689855942fec9c9a3a65bb16c?s=96&d=mm&r=g\",\"contentUrl\":\"https:\\\/\\\/secure.gravatar.com\\\/avatar\\\/a482a110bf53965000a200e79f6133488d1f55a689855942fec9c9a3a65bb16c?s=96&d=mm&r=g\",\"caption\":\"cinetic\"},\"sameAs\":[\"https:\\\/\\\/transitionencommun.org\",\"https:\\\/\\\/x.com\\\/cinetic\"]}]}<\/script>\n<!-- \/ Yoast SEO plugin. -->","yoast_head_json":{"title":"2nd Edition of the Montreal Climate Summit: An Ambitious Program to Address The Climate Emergency - Transition en commun","robots":{"index":"index","follow":"follow","max-snippet":"max-snippet:-1","max-image-preview":"max-image-preview:large","max-video-preview":"max-video-preview:-1"},"canonical":"https:\/\/transitionencommun.org\/en\/2nd-edition-of-the-montreal-climate-summit-an-ambitious-program-to-address-the-climate-emergency\/","og_locale":"en_US","og_type":"article","og_title":"2nd Edition of the Montreal Climate Summit: An Ambitious Program to Address The Climate Emergency - Transition en commun","og_url":"https:\/\/transitionencommun.org\/en\/2nd-edition-of-the-montreal-climate-summit-an-ambitious-program-to-address-the-climate-emergency\/","og_site_name":"Transition en commun","article_publisher":"https:\/\/www.facebook.com\/transitionencommun\/","article_published_time":"2023-04-05T13:34:14+00:00","article_modified_time":"2025-02-24T19:54:06+00:00","og_image":[{"width":396,"height":512,"url":"https:\/\/transitionencommun.org\/wp-content\/uploads\/2023\/04\/SommetClimatMTL.png","type":"image\/png"}],"author":"cinetic","twitter_card":"summary_large_image","twitter_creator":"@cinetic","twitter_misc":{"Written by":"cinetic","Est. reading time":"5 minutes"},"schema":{"@context":"https:\/\/schema.org","@graph":[{"@type":"Article","@id":"https:\/\/transitionencommun.org\/en\/2nd-edition-of-the-montreal-climate-summit-an-ambitious-program-to-address-the-climate-emergency\/#article","isPartOf":{"@id":"https:\/\/transitionencommun.org\/en\/2nd-edition-of-the-montreal-climate-summit-an-ambitious-program-to-address-the-climate-emergency\/"},"author":{"name":"cinetic","@id":"https:\/\/transitionencommun.org\/en\/#\/schema\/person\/318262fc5a1773877036d341edbf282e"},"headline":"2nd Edition of the Montreal Climate Summit: An Ambitious Program to Address The Climate Emergency","datePublished":"2023-04-05T13:34:14+00:00","dateModified":"2025-02-24T19:54:06+00:00","mainEntityOfPage":{"@id":"https:\/\/transitionencommun.org\/en\/2nd-edition-of-the-montreal-climate-summit-an-ambitious-program-to-address-the-climate-emergency\/"},"wordCount":1035,"publisher":{"@id":"https:\/\/transitionencommun.org\/en\/#organization"},"image":{"@id":"https:\/\/transitionencommun.org\/en\/2nd-edition-of-the-montreal-climate-summit-an-ambitious-program-to-address-the-climate-emergency\/#primaryimage"},"thumbnailUrl":"https:\/\/transitionencommun.org\/wp-content\/uploads\/2023\/04\/SommetClimatMTL.png","articleSection":["News"],"inLanguage":"en-US"},{"@type":"WebPage","@id":"https:\/\/transitionencommun.org\/en\/2nd-edition-of-the-montreal-climate-summit-an-ambitious-program-to-address-the-climate-emergency\/","url":"https:\/\/transitionencommun.org\/en\/2nd-edition-of-the-montreal-climate-summit-an-ambitious-program-to-address-the-climate-emergency\/","name":"2nd Edition of the Montreal Climate Summit: An Ambitious Program to Address The Climate Emergency - Transition en commun","isPartOf":{"@id":"https:\/\/transitionencommun.org\/en\/#website"},"primaryImageOfPage":{"@id":"https:\/\/transitionencommun.org\/en\/2nd-edition-of-the-montreal-climate-summit-an-ambitious-program-to-address-the-climate-emergency\/#primaryimage"},"image":{"@id":"https:\/\/transitionencommun.org\/en\/2nd-edition-of-the-montreal-climate-summit-an-ambitious-program-to-address-the-climate-emergency\/#primaryimage"},"thumbnailUrl":"https:\/\/transitionencommun.org\/wp-content\/uploads\/2023\/04\/SommetClimatMTL.png","datePublished":"2023-04-05T13:34:14+00:00","dateModified":"2025-02-24T19:54:06+00:00","breadcrumb":{"@id":"https:\/\/transitionencommun.org\/en\/2nd-edition-of-the-montreal-climate-summit-an-ambitious-program-to-address-the-climate-emergency\/#breadcrumb"},"inLanguage":"en-US","potentialAction":[{"@type":"ReadAction","target":["https:\/\/transitionencommun.org\/en\/2nd-edition-of-the-montreal-climate-summit-an-ambitious-program-to-address-the-climate-emergency\/"]}]},{"@type":"ImageObject","inLanguage":"en-US","@id":"https:\/\/transitionencommun.org\/en\/2nd-edition-of-the-montreal-climate-summit-an-ambitious-program-to-address-the-climate-emergency\/#primaryimage","url":"https:\/\/transitionencommun.org\/wp-content\/uploads\/2023\/04\/SommetClimatMTL.png","contentUrl":"https:\/\/transitionencommun.org\/wp-content\/uploads\/2023\/04\/SommetClimatMTL.png","width":396,"height":512},{"@type":"BreadcrumbList","@id":"https:\/\/transitionencommun.org\/en\/2nd-edition-of-the-montreal-climate-summit-an-ambitious-program-to-address-the-climate-emergency\/#breadcrumb","itemListElement":[{"@type":"ListItem","position":1,"name":"Accueil","item":"https:\/\/transitionencommun.org\/en\/"},{"@type":"ListItem","position":2,"name":"2nd Edition of the Montreal Climate Summit: An Ambitious Program to Address The Climate Emergency"}]},{"@type":"WebSite","@id":"https:\/\/transitionencommun.org\/en\/#website","url":"https:\/\/transitionencommun.org\/en\/","name":"Transition en commun","description":"","publisher":{"@id":"https:\/\/transitionencommun.org\/en\/#organization"},"potentialAction":[{"@type":"SearchAction","target":{"@type":"EntryPoint","urlTemplate":"https:\/\/transitionencommun.org\/en\/?s={search_term_string}"},"query-input":{"@type":"PropertyValueSpecification","valueRequired":true,"valueName":"search_term_string"}}],"inLanguage":"en-US"},{"@type":"Organization","@id":"https:\/\/transitionencommun.org\/en\/#organization","name":"Transition en commun","url":"https:\/\/transitionencommun.org\/en\/","logo":{"@type":"ImageObject","inLanguage":"en-US","@id":"https:\/\/transitionencommun.org\/en\/#\/schema\/logo\/image\/","url":"https:\/\/transitionencommun.org\/wp-content\/uploads\/2024\/06\/Big-logo.png","contentUrl":"https:\/\/transitionencommun.org\/wp-content\/uploads\/2024\/06\/Big-logo.png","width":257,"height":115,"caption":"Transition en commun"},"image":{"@id":"https:\/\/transitionencommun.org\/en\/#\/schema\/logo\/image\/"},"sameAs":["https:\/\/www.facebook.com\/transitionencommun\/","https:\/\/www.instagram.com\/transitionencommun\/","https:\/\/www.linkedin.com\/company\/transition-en-commun\/"]},{"@type":"Person","@id":"https:\/\/transitionencommun.org\/en\/#\/schema\/person\/318262fc5a1773877036d341edbf282e","name":"cinetic","image":{"@type":"ImageObject","inLanguage":"en-US","@id":"https:\/\/secure.gravatar.com\/avatar\/a482a110bf53965000a200e79f6133488d1f55a689855942fec9c9a3a65bb16c?s=96&d=mm&r=g","url":"https:\/\/secure.gravatar.com\/avatar\/a482a110bf53965000a200e79f6133488d1f55a689855942fec9c9a3a65bb16c?s=96&d=mm&r=g","contentUrl":"https:\/\/secure.gravatar.com\/avatar\/a482a110bf53965000a200e79f6133488d1f55a689855942fec9c9a3a65bb16c?s=96&d=mm&r=g","caption":"cinetic"},"sameAs":["https:\/\/transitionencommun.org","https:\/\/x.com\/cinetic"]}]}},"_links":{"self":[{"href":"https:\/\/transitionencommun.org\/en\/wp-json\/wp\/v2\/posts\/4892","targetHints":{"allow":["GET"]}}],"collection":[{"href":"https:\/\/transitionencommun.org\/en\/wp-json\/wp\/v2\/posts"}],"about":[{"href":"https:\/\/transitionencommun.org\/en\/wp-json\/wp\/v2\/types\/post"}],"author":[{"embeddable":true,"href":"https:\/\/transitionencommun.org\/en\/wp-json\/wp\/v2\/users\/1"}],"replies":[{"embeddable":true,"href":"https:\/\/transitionencommun.org\/en\/wp-json\/wp\/v2\/comments?post=4892"}],"version-history":[{"count":0,"href":"https:\/\/transitionencommun.org\/en\/wp-json\/wp\/v2\/posts\/4892\/revisions"}],"wp:featuredmedia":[{"embeddable":true,"href":"https:\/\/transitionencommun.org\/en\/wp-json\/wp\/v2\/media\/3183"}],"wp:attachment":[{"href":"https:\/\/transitionencommun.org\/en\/wp-json\/wp\/v2\/media?parent=4892"}],"wp:term":[{"taxonomy":"category","embeddable":true,"href":"https:\/\/transitionencommun.org\/en\/wp-json\/wp\/v2\/categories?post=4892"},{"taxonomy":"post_tag","embeddable":true,"href":"https:\/\/transitionencommun.org\/en\/wp-json\/wp\/v2\/tags?post=4892"}],"curies":[{"name":"wp","href":"https:\/\/api.w.org\/{rel}","templated":true}]}}