{"id":4921,"date":"2023-05-09T06:13:16","date_gmt":"2023-05-09T10:13:16","guid":{"rendered":"https:\/\/transitionencommun.org\/transition-en-commun-receives-500000-in-support-to-place-montreals-citizens-neighbourhoods-and-living-environments-at-the-heart-of-the-socio-ecological-transition\/"},"modified":"2025-02-24T16:07:28","modified_gmt":"2025-02-24T21:07:28","slug":"transition-en-commun-receives-500000-in-support-to-place-montreals-citizens-neighbourhoods-and-living-environments-at-the-heart-of-the-socio-ecological-transition","status":"publish","type":"post","link":"https:\/\/transitionencommun.org\/en\/transition-en-commun-receives-500000-in-support-to-place-montreals-citizens-neighbourhoods-and-living-environments-at-the-heart-of-the-socio-ecological-transition\/","title":{"rendered":"Transition en Commun Receives $500,000 in Support to Place Montreal&#8217;s Citizens, Neighbourhoods And Living Environments at The Heart of The Socio-ecological Transition"},"content":{"rendered":"<section class=\"l-section wpb_row height_medium\"><div class=\"l-section-h i-cf\"><div class=\"g-cols vc_row via_grid cols_1 laptops-cols_inherit tablets-cols_inherit mobiles-cols_1 valign_top type_default stacking_default\"><div class=\"wpb_column vc_column_container\"><div class=\"vc_column-inner\"><div class=\"wpb_text_column\"><div class=\"wpb_wrapper\"><p><b>News release<\/b><\/p>\n<p><span style=\"font-weight: 400;\">For Immediate Release<\/span><\/p>\n<p>&nbsp;<\/p>\n<p><b>Transition en Commun Receives $500,000 in Support to Place Montreal&#8217;s Citizens, Neighbourhoods And Living Environments at The Heart of The Socio-ecological Transition<\/b><\/p>\n<p>Montreal, May 9, 2023 &#8211; On the occasion of the Montreal Climate Summit, Transition en Commun (TeC), an alliance of some fifty Montreal stakeholders involved in the socio-ecological transition, is pleased to announce the financial support of $500,000 from the Lucie and Andr\u00e9 Chagnon Foundation. It will make it possible to implement a multitude of citizen and collective mobilization actions around common transition projects, to mobilize more members and neighbourhoods with increased consideration for territorial inequities, and to support the activities of the work groups. <\/p>\n<p>Less than six months after its launch in the presence of Mayor Val\u00e9rie Plante, Transition en Commun already brings together some fifty members around a collective approach for the socio-ecological transition in Montreal in complementarity with the actions of the Montreal Climate Partnership, the City of Montreal and more broadly the Montreal transition ecosystem. Over the past few months, members have mobilized and defined the first four priority themes that will be addressed in the coming months: Neighbourhoods in Transition, Living with Fewer Cars in Neighbourhoods, Housing in Transition and Participatory Democracy. Each theme will be carried out by a dedicated working group that each brings together about fifteen representatives from citizen groups, civil society organizations, City of Montreal departments, institutions and researchers, collectively committed to a co-construction process with the objective of developing new institutional commitments and concrete actions to implement the socio-ecological transition in Montreal at the neighbourhood level.<\/p>\n<p>Stay tuned for new structuring announcements that will be made when summer returns.<\/p>\n<p><b>Quotes from members of the Transition in Common alliance<\/b><\/p>\n<p><span style=\"font-weight: 400;\">\u00ab<\/span><span style=\"font-weight: 400;\">All members of Transition en Commun (TeC) are committed to accelerating the socio-ecological shift for the benefit of the population. To achieve this, citizen participation is essential. We can all contribute to accelerating the transformation of our city. As co-chairs of the TeC Steering Committee, we are fortunate to work with stakeholders involved at the neighbourhood level who are making a real difference on the ground.    <\/span><span style=\"font-weight: 400;\"><strong>TeC is a unique opportunity for the City to mobilize all its services to contribute to this social project.<\/strong> It&#8217;s motivating to see us moving forward together in this direction. &#8220;said Dominique Ollivier and Marie-Andr\u00e9 Mauger, City of Montreal, co-chairs of the Transition en Commun steering committee <\/span><\/p>\n<p><span style=\"font-weight: 400;\">&#8220;Living in a healthy environment is one of the essential conditions for the development of the full potential of the young people of today and tomorrow. The urgency to act in the face of the environmental crisis is glaring. <strong>We are pleased to support the Transition en Commun initiative, which aims to mobilize citizens and various stakeholders in Montreal to develop a common vision of a socio-ecological transition oriented towards collective well-being,<\/strong>&#8221; said Andrea Clarke, President of the Lucie and Andr\u00e9 Chagnon Foundation <\/span><\/p>\n<p><span style=\"font-weight: 400;\">&#8220;The GHG reduction objectives of buildings in Montreal must be achieved, but also used as a lever to develop the power of citizen action, reduce the factors of vulnerability and inequality in the face of the transition and strengthen the resilience of our communities. The Housing in Transition working group brings together diverse partners to work in this direction for existing housing in Montreal. More broadly, <strong>it is clear that there can be no socio-ecological transition in Montreal without access to healthy, decent and affordable housing for all.<\/strong> &#8220;, says Bertrand Fouss, civil society co-chair of Transition en Commun   <\/span><\/p>\n<p><span style=\"font-weight: 400;\">&#8220;<strong>The transition to more efficient, equitable and ecological mobility is first and foremost a reinvestment by our local authorities,<\/strong> according to the approach enshrined by the experts of &#8216;reduce, transfer and improve&#8217;. While meeting the challenge of electrification and improving access to active, public and shared transportation, each neighbourhood must benefit from a rich offer of housing, services and jobs that promotes an active lifestyle and reduced travel in a diverse and dynamic community. We are therefore convinced that an approach rooted in communities, such as the one developed in Transition en Commun, is decisive for the success of all sustainable mobility strategies in Montreal,&#8221; explained Blaise R\u00e9millard, Mobility and Urban Planning Officer of the Conseil r\u00e9gional de l&#8217;environnement de Montr\u00e9al and co-chair of the working group   <\/span><i><span style=\"font-weight: 400;\">Living with fewer cars <\/span><\/i><span style=\"font-weight: 400;\">.<\/span> <\/p>\n<p><span style=\"font-weight: 400;\">&#8220;It was clear that we needed a &#8220;Neighbourhood Space&#8221; committee at Transition en Commun. I mean <strong>no one knows the neighbourhood better than its residents and community organizations to determine the priorities of the socio-ecological transition<\/strong>. The Espace Quartiers allows us, actors in the field, to discuss our needs, to learn from the good or not so good deeds of others, but above all it allows us, the actors of Montr\u00e9al-Nord, to raise awareness among other neighbourhoods about the importance of equity. I see the Espace Quartier as a place where it is possible to create solidarity between neighbourhoods in order to mobilize together for the good of historically marginalized communities. I mean, we have no choice if we really want to achieve a socio-ecological transition. <strong>We will all have to unite and mobilize in Montreal-North, Bordeaux-Cartierville, RDP, CDN-NDG, etc. because the socio-ecological transition involves giving back and prioritizing the neighborhoods of racialized communities<\/strong>,&#8221; says Fatima Gabriela Salazar Gomez, Hoodstock\/Paroles d&#8217;Exclues, Member of the steering committee and the Espace Quartiers de Transition en Commun     <\/span><\/p>\n<p><span style=\"font-weight: 400;\">&#8220;In its latest report, the IPCC highlighted that <strong>urban initiatives carried out in collaboration with cities and a variety of civil society actors have a high potential for impact, and that citizen mobilizations are drivers of change.<\/strong> Transition en Commun is working in exactly this direction, by developing close collaborations between the City of Montreal, civil society, Montrealers and researchers, for a just and democratic transition, nourished by a diversity of knowledge and in a posture of co-construction, sensitive to the daily challenges to be overcome on the ground, in neighborhoods and in organizations <\/span><span style=\"font-weight: 400;\">. <\/span><span style=\"font-weight: 400;\">&#8220;, explains Sophie Van Neste, co-chair of the Transition en Commun knowledge committee, Holder of the Canada Research Chair in Urban Climate Action (INRS)<\/span><\/p>\n<p>&nbsp;<\/p>\n<p><b>About Transition en Commun<\/b><\/p>\n<p><span style=\"font-weight: 400;\">Transition en Commun (TeC) is an unusual alliance that brings together many citizens, civil society organizations, representatives of the City of Montreal and other institutions around a process of co-construction of a shared vision of the socio-ecological transition. Through its bold structure, TeC brings out, popularizes, celebrates and mobilizes an amalgam of actors and collectively gives itself the means to implement the transition for the benefit of local communities. <\/span><\/p>\n<p><span style=\"font-weight: 400;\">TeC&#8217;s vision of the socio-ecological transition, aligned with<\/span> <span style=\"font-weight: 400;\">Montr\u00e9al 2030<\/span>, <span style=\"font-weight: 400;\">is based on several key axes, including neighbourhoods and local life, citizen participation, democracy and the creation of commons, the social economy and social innovation, equity, diversity and inclusion by strengthening the link between social justice and the environment, as well as culture and the creation of a mobilizing collective narrative.<\/span><\/p>\n<p><span style=\"font-weight: 400;\">This initiative is made possible thanks to the financial support of the Lucie and Andr\u00e9 Chagnon Foundation, Montr\u00e9al en commun, the David Suzuki Foundation, and the Montr\u00e9al Climate Partnership.<\/span><\/p>\n<p>&nbsp;<\/p>\n<p><b>The <a href=\"https:\/\/transitionencommun.org\/partenaires\">members and partners of TEC<\/a><\/b><\/p>\n<p><span style=\"font-weight: 400;\">Transition en Commun brings together more than fifty Montreal actors mobilized for the socio-ecological transition: <\/span><\/p>\n<p><span style=\"font-weight: 400;\">ACEF du Nord, Ahuntsic in transition, Borough Mercier\u2013Hochelaga-Maisonneuve, Office of Ecological Transition and Resilience of the City of Montreal, Ecological Transition Campus, Catalyst Bronx Lasalle, CDC Centre-Sud, CDC La Pointe, Montreal Urban Ecology Centre, Canada Research Chair in Urban Climate Action at INRS, Canada Excellence Research Chair in Smart Communities and Cities, sustainable and resilient,<\/span> <span style=\"font-weight: 400;\">Chemins de Transition, Coalition Climat Montr\u00e9al, Coalition montr\u00e9alaise des Tables de quartiers, Concertation Montr\u00e9al, Conseil r\u00e9gional de l\u2019environnement de Montr\u00e9al, Conseil d&#8217;\u00e9conomie sociale de l&#8217;\u00eele de Montr\u00e9al, Conseil Interculturel de Montr\u00e9al, Conseil jeunesse de Montr\u00e9al, Conseil des Montr\u00e9alaises, Coop Carbone, Coop Celsius, Centre de recherche sur les innovations sociales, Chaire Alban D&#8217;Amours en sociologie de la coop\u00e9ration (ULaval), Critic Collectif de recherche, Culture Montr\u00e9al, Data studio inter-universitaire sur la transition socio-\u00e9cologique, Demain Verdun, Direction de la sant\u00e9 publique de Montr\u00e9al, Espace pour la vie, Front commun pour la transition \u00e9nerg\u00e9tique, Fondation David Suzuki, Hoodstock, Institut des villes nouvelle g\u00e9n\u00e9ration (Concordia), Institut Karl Polanyi (Concordia), Institut du Nouveau Monde, Interloge, Laboratoire d\u2019innovation urbaine de Montr\u00e9al, Locomotion, Paroles d&#8217;excluEs, Partenariat Climat Montr\u00e9al, Pole sur la ville r\u00e9siliente UQAM, Projet collectif, Regroupement des \u00e9co-quartiers, Service de la diversit\u00e9 et de l&#8217;inclusion sociale de la Ville de Montr\u00e9al, Service de la culture de la Ville de Montr\u00e9al, Service de l\u2019exp\u00e9rience citoyenne et des communications de la Ville de Montr\u00e9al, Service du d\u00e9veloppement \u00e9conomique de la Ville de Montr\u00e9al, Service de l\u2019habitation de la Ville de Montr\u00e9al, Service de l\u2019urbanisme et de la mobilit\u00e9 de la Ville de Montr\u00e9al, Service de la planification strat\u00e9gique et de la performance organisationnelle de la Ville de Montr\u00e9al, Service des grands parcs du Mont-Royal et des sports de la Ville de Montr\u00e9al, Solon, Territoires innovants en \u00e9conomie sociale et solidaire &#8211; TIESS, Universit\u00e9 Concordia, Universit\u00e9 du Qu\u00e9bec \u00e0 Montr\u00e9al, Universit\u00e9 de Montr\u00e9al, Ville en vert, Vivre en Ville.<\/span><\/p>\n<p style=\"text-align: center;\"><b>\u2013 30 \u2013 <\/b><\/p>\n<p><b>For more info :<\/b> <a href=\"https:\/\/transitionencommun.org\/en\/\"><span style=\"font-weight: 400;\">transitionencommun.org<\/span><\/a><\/p>\n<p><b>Contact:<\/b><\/p>\n<p><span style=\"font-weight: 400;\">Fran\u00e7ois-Xavier Michaux<\/span><\/p>\n<p><span style=\"font-weight: 400;\">General Coordinator Transition en Commun<\/span><\/p>\n<p><span style=\"font-weight: 400;\">514.996.3549<\/span><\/p>\n<p><a href=\"mailto:fx@transitionencommun.org\"><span style=\"font-weight: 400;\">fx@transitionencommun.org<\/span><\/a><span style=\"font-weight: 400;\"> <\/span><\/p>\n<p>&nbsp;<\/p>\n<p><em><strong>Cr\u00e9dit photo:<\/strong> Benjamin Turquet \/ Cette photo a \u00e9t\u00e9 prise \u00e0 l&#8217;automne 2022 et met en sc\u00e8ne un lieu dont la protection fait l&#8217;objet d&#8217;une mobilisation citoyenne remarquable dans l&#8217;arrondissement Mercier-Hochelaga-Maisonneuve \/ <a href=\"https:\/\/resisteretfleurir.info\/\" target=\"_blank\" rel=\"noopener\" data-saferedirecturl=\"https:\/\/www.google.com\/url?q=https:\/\/resisteretfleurir.info\/&amp;source=gmail&amp;ust=1683634205860000&amp;usg=AOvVaw0LuLwuNANGUz5tpPqiP4J_\">Mobilisation 6600 Parc-Nature MHM<\/a><\/em><\/p>\n<\/div><\/div><\/div><\/div><\/div><\/div><\/section>\n","protected":false},"excerpt":{"rendered":"News release For Immediate Release &nbsp; Transition en Commun Receives $500,000 in Support to Place Montreal&#8217;s Citizens, Neighbourhoods And Living Environments at The Heart of The Socio-ecological Transition Montreal, May 9, 2023 &#8211; On the occasion of the Montreal Climate Summit, Transition en Commun (TeC), an alliance of some fifty Montreal stakeholders involved in the...","protected":false},"author":1,"featured_media":3185,"comment_status":"closed","ping_status":"closed","sticky":false,"template":"","format":"standard","meta":{"_acf_changed":false,"footnotes":""},"categories":[50],"tags":[],"class_list":["post-4921","post","type-post","status-publish","format-standard","has-post-thumbnail","hentry","category-news-en"],"acf":[],"yoast_head":"<!-- This site is optimized with the Yoast SEO plugin v28.3 - https:\/\/yoast.com\/product\/yoast-seo-wordpress\/ -->\n<title>Transition en Commun Receives $500,000 in Support to Place Montreal&#039;s Citizens, Neighbourhoods And Living Environments at The Heart of The Socio-ecological Transition - Transition en commun<\/title>\n<meta name=\"robots\" content=\"index, follow, max-snippet:-1, max-image-preview:large, max-video-preview:-1\" \/>\n<link rel=\"canonical\" href=\"https:\/\/transitionencommun.org\/en\/transition-en-commun-receives-500000-in-support-to-place-montreals-citizens-neighbourhoods-and-living-environments-at-the-heart-of-the-socio-ecological-transition\/\" \/>\n<meta property=\"og:locale\" content=\"en_US\" \/>\n<meta property=\"og:type\" content=\"article\" \/>\n<meta property=\"og:title\" content=\"Transition en Commun Receives $500,000 in Support to Place Montreal&#039;s Citizens, Neighbourhoods And Living Environments at The Heart of The Socio-ecological Transition - Transition en commun\" \/>\n<meta property=\"og:url\" content=\"https:\/\/transitionencommun.org\/en\/transition-en-commun-receives-500000-in-support-to-place-montreals-citizens-neighbourhoods-and-living-environments-at-the-heart-of-the-socio-ecological-transition\/\" \/>\n<meta property=\"og:site_name\" content=\"Transition en commun\" \/>\n<meta property=\"article:publisher\" content=\"https:\/\/www.facebook.com\/transitionencommun\/\" \/>\n<meta property=\"article:published_time\" content=\"2023-05-09T10:13:16+00:00\" \/>\n<meta property=\"article:modified_time\" content=\"2025-02-24T21:07:28+00:00\" \/>\n<meta property=\"og:image\" content=\"https:\/\/transitionencommun.org\/wp-content\/uploads\/2023\/05\/PHOTO-2022-10-15-21-08-10.jpg\" \/>\n\t<meta property=\"og:image:width\" content=\"2048\" \/>\n\t<meta property=\"og:image:height\" content=\"1536\" \/>\n\t<meta property=\"og:image:type\" content=\"image\/jpeg\" \/>\n<meta name=\"author\" content=\"cinetic\" \/>\n<meta name=\"twitter:card\" content=\"summary_large_image\" \/>\n<meta name=\"twitter:creator\" content=\"@cinetic\" \/>\n<meta name=\"twitter:label1\" content=\"Written by\" \/>\n\t<meta name=\"twitter:data1\" content=\"cinetic\" \/>\n\t<meta name=\"twitter:label2\" content=\"Est. reading time\" \/>\n\t<meta name=\"twitter:data2\" content=\"8 minutes\" \/>\n<script type=\"application\/ld+json\" class=\"yoast-schema-graph\">{\"@context\":\"https:\\\/\\\/schema.org\",\"@graph\":[{\"@type\":\"Article\",\"@id\":\"https:\\\/\\\/transitionencommun.org\\\/en\\\/transition-en-commun-receives-500000-in-support-to-place-montreals-citizens-neighbourhoods-and-living-environments-at-the-heart-of-the-socio-ecological-transition\\\/#article\",\"isPartOf\":{\"@id\":\"https:\\\/\\\/transitionencommun.org\\\/en\\\/transition-en-commun-receives-500000-in-support-to-place-montreals-citizens-neighbourhoods-and-living-environments-at-the-heart-of-the-socio-ecological-transition\\\/\"},\"author\":{\"name\":\"cinetic\",\"@id\":\"https:\\\/\\\/transitionencommun.org\\\/en\\\/#\\\/schema\\\/person\\\/318262fc5a1773877036d341edbf282e\"},\"headline\":\"Transition en Commun Receives $500,000 in Support to Place Montreal&#8217;s Citizens, Neighbourhoods And Living Environments at The Heart of The Socio-ecological Transition\",\"datePublished\":\"2023-05-09T10:13:16+00:00\",\"dateModified\":\"2025-02-24T21:07:28+00:00\",\"mainEntityOfPage\":{\"@id\":\"https:\\\/\\\/transitionencommun.org\\\/en\\\/transition-en-commun-receives-500000-in-support-to-place-montreals-citizens-neighbourhoods-and-living-environments-at-the-heart-of-the-socio-ecological-transition\\\/\"},\"wordCount\":1636,\"publisher\":{\"@id\":\"https:\\\/\\\/transitionencommun.org\\\/en\\\/#organization\"},\"image\":{\"@id\":\"https:\\\/\\\/transitionencommun.org\\\/en\\\/transition-en-commun-receives-500000-in-support-to-place-montreals-citizens-neighbourhoods-and-living-environments-at-the-heart-of-the-socio-ecological-transition\\\/#primaryimage\"},\"thumbnailUrl\":\"https:\\\/\\\/transitionencommun.org\\\/wp-content\\\/uploads\\\/2023\\\/05\\\/PHOTO-2022-10-15-21-08-10.jpg\",\"articleSection\":[\"News\"],\"inLanguage\":\"en-US\"},{\"@type\":\"WebPage\",\"@id\":\"https:\\\/\\\/transitionencommun.org\\\/en\\\/transition-en-commun-receives-500000-in-support-to-place-montreals-citizens-neighbourhoods-and-living-environments-at-the-heart-of-the-socio-ecological-transition\\\/\",\"url\":\"https:\\\/\\\/transitionencommun.org\\\/en\\\/transition-en-commun-receives-500000-in-support-to-place-montreals-citizens-neighbourhoods-and-living-environments-at-the-heart-of-the-socio-ecological-transition\\\/\",\"name\":\"Transition en Commun Receives $500,000 in Support to Place Montreal's Citizens, Neighbourhoods And Living Environments at The Heart of The Socio-ecological Transition - Transition en commun\",\"isPartOf\":{\"@id\":\"https:\\\/\\\/transitionencommun.org\\\/en\\\/#website\"},\"primaryImageOfPage\":{\"@id\":\"https:\\\/\\\/transitionencommun.org\\\/en\\\/transition-en-commun-receives-500000-in-support-to-place-montreals-citizens-neighbourhoods-and-living-environments-at-the-heart-of-the-socio-ecological-transition\\\/#primaryimage\"},\"image\":{\"@id\":\"https:\\\/\\\/transitionencommun.org\\\/en\\\/transition-en-commun-receives-500000-in-support-to-place-montreals-citizens-neighbourhoods-and-living-environments-at-the-heart-of-the-socio-ecological-transition\\\/#primaryimage\"},\"thumbnailUrl\":\"https:\\\/\\\/transitionencommun.org\\\/wp-content\\\/uploads\\\/2023\\\/05\\\/PHOTO-2022-10-15-21-08-10.jpg\",\"datePublished\":\"2023-05-09T10:13:16+00:00\",\"dateModified\":\"2025-02-24T21:07:28+00:00\",\"breadcrumb\":{\"@id\":\"https:\\\/\\\/transitionencommun.org\\\/en\\\/transition-en-commun-receives-500000-in-support-to-place-montreals-citizens-neighbourhoods-and-living-environments-at-the-heart-of-the-socio-ecological-transition\\\/#breadcrumb\"},\"inLanguage\":\"en-US\",\"potentialAction\":[{\"@type\":\"ReadAction\",\"target\":[\"https:\\\/\\\/transitionencommun.org\\\/en\\\/transition-en-commun-receives-500000-in-support-to-place-montreals-citizens-neighbourhoods-and-living-environments-at-the-heart-of-the-socio-ecological-transition\\\/\"]}]},{\"@type\":\"ImageObject\",\"inLanguage\":\"en-US\",\"@id\":\"https:\\\/\\\/transitionencommun.org\\\/en\\\/transition-en-commun-receives-500000-in-support-to-place-montreals-citizens-neighbourhoods-and-living-environments-at-the-heart-of-the-socio-ecological-transition\\\/#primaryimage\",\"url\":\"https:\\\/\\\/transitionencommun.org\\\/wp-content\\\/uploads\\\/2023\\\/05\\\/PHOTO-2022-10-15-21-08-10.jpg\",\"contentUrl\":\"https:\\\/\\\/transitionencommun.org\\\/wp-content\\\/uploads\\\/2023\\\/05\\\/PHOTO-2022-10-15-21-08-10.jpg\",\"width\":2048,\"height\":1536,\"caption\":\"Cr\u00e9dits: Benjamin Turquet 2022-10-15 @ Parc Nature MHM Cette photo a \u00e9t\u00e9 prise \u00e0 l'automne 2022 et met en sc\u00e8ne un lieu dont la protection fait l'objet d'une mobilisation citoyenne remarquable dans l'arrondissement Mercier-Hochelaga-Maisonneuve. Mobilisation 6600 https:\\\/\\\/resisteretfleurir.info\\\/\"},{\"@type\":\"BreadcrumbList\",\"@id\":\"https:\\\/\\\/transitionencommun.org\\\/en\\\/transition-en-commun-receives-500000-in-support-to-place-montreals-citizens-neighbourhoods-and-living-environments-at-the-heart-of-the-socio-ecological-transition\\\/#breadcrumb\",\"itemListElement\":[{\"@type\":\"ListItem\",\"position\":1,\"name\":\"Accueil\",\"item\":\"https:\\\/\\\/transitionencommun.org\\\/en\\\/\"},{\"@type\":\"ListItem\",\"position\":2,\"name\":\"Transition en Commun Receives $500,000 in Support to Place Montreal&#8217;s Citizens, Neighbourhoods And Living Environments at The Heart of The Socio-ecological Transition\"}]},{\"@type\":\"WebSite\",\"@id\":\"https:\\\/\\\/transitionencommun.org\\\/en\\\/#website\",\"url\":\"https:\\\/\\\/transitionencommun.org\\\/en\\\/\",\"name\":\"Transition en commun\",\"description\":\"\",\"publisher\":{\"@id\":\"https:\\\/\\\/transitionencommun.org\\\/en\\\/#organization\"},\"potentialAction\":[{\"@type\":\"SearchAction\",\"target\":{\"@type\":\"EntryPoint\",\"urlTemplate\":\"https:\\\/\\\/transitionencommun.org\\\/en\\\/?s={search_term_string}\"},\"query-input\":{\"@type\":\"PropertyValueSpecification\",\"valueRequired\":true,\"valueName\":\"search_term_string\"}}],\"inLanguage\":\"en-US\"},{\"@type\":\"Organization\",\"@id\":\"https:\\\/\\\/transitionencommun.org\\\/en\\\/#organization\",\"name\":\"Transition en commun\",\"url\":\"https:\\\/\\\/transitionencommun.org\\\/en\\\/\",\"logo\":{\"@type\":\"ImageObject\",\"inLanguage\":\"en-US\",\"@id\":\"https:\\\/\\\/transitionencommun.org\\\/en\\\/#\\\/schema\\\/logo\\\/image\\\/\",\"url\":\"https:\\\/\\\/transitionencommun.org\\\/wp-content\\\/uploads\\\/2024\\\/06\\\/Big-logo.png\",\"contentUrl\":\"https:\\\/\\\/transitionencommun.org\\\/wp-content\\\/uploads\\\/2024\\\/06\\\/Big-logo.png\",\"width\":257,\"height\":115,\"caption\":\"Transition en commun\"},\"image\":{\"@id\":\"https:\\\/\\\/transitionencommun.org\\\/en\\\/#\\\/schema\\\/logo\\\/image\\\/\"},\"sameAs\":[\"https:\\\/\\\/www.facebook.com\\\/transitionencommun\\\/\",\"https:\\\/\\\/www.instagram.com\\\/transitionencommun\\\/\",\"https:\\\/\\\/www.linkedin.com\\\/company\\\/transition-en-commun\\\/\"]},{\"@type\":\"Person\",\"@id\":\"https:\\\/\\\/transitionencommun.org\\\/en\\\/#\\\/schema\\\/person\\\/318262fc5a1773877036d341edbf282e\",\"name\":\"cinetic\",\"image\":{\"@type\":\"ImageObject\",\"inLanguage\":\"en-US\",\"@id\":\"https:\\\/\\\/secure.gravatar.com\\\/avatar\\\/a482a110bf53965000a200e79f6133488d1f55a689855942fec9c9a3a65bb16c?s=96&d=mm&r=g\",\"url\":\"https:\\\/\\\/secure.gravatar.com\\\/avatar\\\/a482a110bf53965000a200e79f6133488d1f55a689855942fec9c9a3a65bb16c?s=96&d=mm&r=g\",\"contentUrl\":\"https:\\\/\\\/secure.gravatar.com\\\/avatar\\\/a482a110bf53965000a200e79f6133488d1f55a689855942fec9c9a3a65bb16c?s=96&d=mm&r=g\",\"caption\":\"cinetic\"},\"sameAs\":[\"https:\\\/\\\/transitionencommun.org\",\"https:\\\/\\\/x.com\\\/cinetic\"]}]}<\/script>\n<!-- \/ Yoast SEO plugin. -->","yoast_head_json":{"title":"Transition en Commun Receives $500,000 in Support to Place Montreal's Citizens, Neighbourhoods And Living Environments at The Heart of The Socio-ecological Transition - Transition en commun","robots":{"index":"index","follow":"follow","max-snippet":"max-snippet:-1","max-image-preview":"max-image-preview:large","max-video-preview":"max-video-preview:-1"},"canonical":"https:\/\/transitionencommun.org\/en\/transition-en-commun-receives-500000-in-support-to-place-montreals-citizens-neighbourhoods-and-living-environments-at-the-heart-of-the-socio-ecological-transition\/","og_locale":"en_US","og_type":"article","og_title":"Transition en Commun Receives $500,000 in Support to Place Montreal's Citizens, Neighbourhoods And Living Environments at The Heart of The Socio-ecological Transition - Transition en commun","og_url":"https:\/\/transitionencommun.org\/en\/transition-en-commun-receives-500000-in-support-to-place-montreals-citizens-neighbourhoods-and-living-environments-at-the-heart-of-the-socio-ecological-transition\/","og_site_name":"Transition en commun","article_publisher":"https:\/\/www.facebook.com\/transitionencommun\/","article_published_time":"2023-05-09T10:13:16+00:00","article_modified_time":"2025-02-24T21:07:28+00:00","og_image":[{"width":2048,"height":1536,"url":"https:\/\/transitionencommun.org\/wp-content\/uploads\/2023\/05\/PHOTO-2022-10-15-21-08-10.jpg","type":"image\/jpeg"}],"author":"cinetic","twitter_card":"summary_large_image","twitter_creator":"@cinetic","twitter_misc":{"Written by":"cinetic","Est. reading time":"8 minutes"},"schema":{"@context":"https:\/\/schema.org","@graph":[{"@type":"Article","@id":"https:\/\/transitionencommun.org\/en\/transition-en-commun-receives-500000-in-support-to-place-montreals-citizens-neighbourhoods-and-living-environments-at-the-heart-of-the-socio-ecological-transition\/#article","isPartOf":{"@id":"https:\/\/transitionencommun.org\/en\/transition-en-commun-receives-500000-in-support-to-place-montreals-citizens-neighbourhoods-and-living-environments-at-the-heart-of-the-socio-ecological-transition\/"},"author":{"name":"cinetic","@id":"https:\/\/transitionencommun.org\/en\/#\/schema\/person\/318262fc5a1773877036d341edbf282e"},"headline":"Transition en Commun Receives $500,000 in Support to Place Montreal&#8217;s Citizens, Neighbourhoods And Living Environments at The Heart of The Socio-ecological Transition","datePublished":"2023-05-09T10:13:16+00:00","dateModified":"2025-02-24T21:07:28+00:00","mainEntityOfPage":{"@id":"https:\/\/transitionencommun.org\/en\/transition-en-commun-receives-500000-in-support-to-place-montreals-citizens-neighbourhoods-and-living-environments-at-the-heart-of-the-socio-ecological-transition\/"},"wordCount":1636,"publisher":{"@id":"https:\/\/transitionencommun.org\/en\/#organization"},"image":{"@id":"https:\/\/transitionencommun.org\/en\/transition-en-commun-receives-500000-in-support-to-place-montreals-citizens-neighbourhoods-and-living-environments-at-the-heart-of-the-socio-ecological-transition\/#primaryimage"},"thumbnailUrl":"https:\/\/transitionencommun.org\/wp-content\/uploads\/2023\/05\/PHOTO-2022-10-15-21-08-10.jpg","articleSection":["News"],"inLanguage":"en-US"},{"@type":"WebPage","@id":"https:\/\/transitionencommun.org\/en\/transition-en-commun-receives-500000-in-support-to-place-montreals-citizens-neighbourhoods-and-living-environments-at-the-heart-of-the-socio-ecological-transition\/","url":"https:\/\/transitionencommun.org\/en\/transition-en-commun-receives-500000-in-support-to-place-montreals-citizens-neighbourhoods-and-living-environments-at-the-heart-of-the-socio-ecological-transition\/","name":"Transition en Commun Receives $500,000 in Support to Place Montreal's Citizens, Neighbourhoods And Living Environments at The Heart of The Socio-ecological Transition - Transition en commun","isPartOf":{"@id":"https:\/\/transitionencommun.org\/en\/#website"},"primaryImageOfPage":{"@id":"https:\/\/transitionencommun.org\/en\/transition-en-commun-receives-500000-in-support-to-place-montreals-citizens-neighbourhoods-and-living-environments-at-the-heart-of-the-socio-ecological-transition\/#primaryimage"},"image":{"@id":"https:\/\/transitionencommun.org\/en\/transition-en-commun-receives-500000-in-support-to-place-montreals-citizens-neighbourhoods-and-living-environments-at-the-heart-of-the-socio-ecological-transition\/#primaryimage"},"thumbnailUrl":"https:\/\/transitionencommun.org\/wp-content\/uploads\/2023\/05\/PHOTO-2022-10-15-21-08-10.jpg","datePublished":"2023-05-09T10:13:16+00:00","dateModified":"2025-02-24T21:07:28+00:00","breadcrumb":{"@id":"https:\/\/transitionencommun.org\/en\/transition-en-commun-receives-500000-in-support-to-place-montreals-citizens-neighbourhoods-and-living-environments-at-the-heart-of-the-socio-ecological-transition\/#breadcrumb"},"inLanguage":"en-US","potentialAction":[{"@type":"ReadAction","target":["https:\/\/transitionencommun.org\/en\/transition-en-commun-receives-500000-in-support-to-place-montreals-citizens-neighbourhoods-and-living-environments-at-the-heart-of-the-socio-ecological-transition\/"]}]},{"@type":"ImageObject","inLanguage":"en-US","@id":"https:\/\/transitionencommun.org\/en\/transition-en-commun-receives-500000-in-support-to-place-montreals-citizens-neighbourhoods-and-living-environments-at-the-heart-of-the-socio-ecological-transition\/#primaryimage","url":"https:\/\/transitionencommun.org\/wp-content\/uploads\/2023\/05\/PHOTO-2022-10-15-21-08-10.jpg","contentUrl":"https:\/\/transitionencommun.org\/wp-content\/uploads\/2023\/05\/PHOTO-2022-10-15-21-08-10.jpg","width":2048,"height":1536,"caption":"Cr\u00e9dits: Benjamin Turquet 2022-10-15 @ Parc Nature MHM Cette photo a \u00e9t\u00e9 prise \u00e0 l'automne 2022 et met en sc\u00e8ne un lieu dont la protection fait l'objet d'une mobilisation citoyenne remarquable dans l'arrondissement Mercier-Hochelaga-Maisonneuve. Mobilisation 6600 https:\/\/resisteretfleurir.info\/"},{"@type":"BreadcrumbList","@id":"https:\/\/transitionencommun.org\/en\/transition-en-commun-receives-500000-in-support-to-place-montreals-citizens-neighbourhoods-and-living-environments-at-the-heart-of-the-socio-ecological-transition\/#breadcrumb","itemListElement":[{"@type":"ListItem","position":1,"name":"Accueil","item":"https:\/\/transitionencommun.org\/en\/"},{"@type":"ListItem","position":2,"name":"Transition en Commun Receives $500,000 in Support to Place Montreal&#8217;s Citizens, Neighbourhoods And Living Environments at The Heart of The Socio-ecological Transition"}]},{"@type":"WebSite","@id":"https:\/\/transitionencommun.org\/en\/#website","url":"https:\/\/transitionencommun.org\/en\/","name":"Transition en commun","description":"","publisher":{"@id":"https:\/\/transitionencommun.org\/en\/#organization"},"potentialAction":[{"@type":"SearchAction","target":{"@type":"EntryPoint","urlTemplate":"https:\/\/transitionencommun.org\/en\/?s={search_term_string}"},"query-input":{"@type":"PropertyValueSpecification","valueRequired":true,"valueName":"search_term_string"}}],"inLanguage":"en-US"},{"@type":"Organization","@id":"https:\/\/transitionencommun.org\/en\/#organization","name":"Transition en commun","url":"https:\/\/transitionencommun.org\/en\/","logo":{"@type":"ImageObject","inLanguage":"en-US","@id":"https:\/\/transitionencommun.org\/en\/#\/schema\/logo\/image\/","url":"https:\/\/transitionencommun.org\/wp-content\/uploads\/2024\/06\/Big-logo.png","contentUrl":"https:\/\/transitionencommun.org\/wp-content\/uploads\/2024\/06\/Big-logo.png","width":257,"height":115,"caption":"Transition en commun"},"image":{"@id":"https:\/\/transitionencommun.org\/en\/#\/schema\/logo\/image\/"},"sameAs":["https:\/\/www.facebook.com\/transitionencommun\/","https:\/\/www.instagram.com\/transitionencommun\/","https:\/\/www.linkedin.com\/company\/transition-en-commun\/"]},{"@type":"Person","@id":"https:\/\/transitionencommun.org\/en\/#\/schema\/person\/318262fc5a1773877036d341edbf282e","name":"cinetic","image":{"@type":"ImageObject","inLanguage":"en-US","@id":"https:\/\/secure.gravatar.com\/avatar\/a482a110bf53965000a200e79f6133488d1f55a689855942fec9c9a3a65bb16c?s=96&d=mm&r=g","url":"https:\/\/secure.gravatar.com\/avatar\/a482a110bf53965000a200e79f6133488d1f55a689855942fec9c9a3a65bb16c?s=96&d=mm&r=g","contentUrl":"https:\/\/secure.gravatar.com\/avatar\/a482a110bf53965000a200e79f6133488d1f55a689855942fec9c9a3a65bb16c?s=96&d=mm&r=g","caption":"cinetic"},"sameAs":["https:\/\/transitionencommun.org","https:\/\/x.com\/cinetic"]}]}},"_links":{"self":[{"href":"https:\/\/transitionencommun.org\/en\/wp-json\/wp\/v2\/posts\/4921","targetHints":{"allow":["GET"]}}],"collection":[{"href":"https:\/\/transitionencommun.org\/en\/wp-json\/wp\/v2\/posts"}],"about":[{"href":"https:\/\/transitionencommun.org\/en\/wp-json\/wp\/v2\/types\/post"}],"author":[{"embeddable":true,"href":"https:\/\/transitionencommun.org\/en\/wp-json\/wp\/v2\/users\/1"}],"replies":[{"embeddable":true,"href":"https:\/\/transitionencommun.org\/en\/wp-json\/wp\/v2\/comments?post=4921"}],"version-history":[{"count":0,"href":"https:\/\/transitionencommun.org\/en\/wp-json\/wp\/v2\/posts\/4921\/revisions"}],"wp:featuredmedia":[{"embeddable":true,"href":"https:\/\/transitionencommun.org\/en\/wp-json\/wp\/v2\/media\/3185"}],"wp:attachment":[{"href":"https:\/\/transitionencommun.org\/en\/wp-json\/wp\/v2\/media?parent=4921"}],"wp:term":[{"taxonomy":"category","embeddable":true,"href":"https:\/\/transitionencommun.org\/en\/wp-json\/wp\/v2\/categories?post=4921"},{"taxonomy":"post_tag","embeddable":true,"href":"https:\/\/transitionencommun.org\/en\/wp-json\/wp\/v2\/tags?post=4921"}],"curies":[{"name":"wp","href":"https:\/\/api.w.org\/{rel}","templated":true}]}}