{"id":4930,"date":"2023-06-16T09:14:17","date_gmt":"2023-06-16T13:14:17","guid":{"rendered":"https:\/\/transitionencommun.org\/montreals-neighbourhood-celebrations-for-the-transition\/"},"modified":"2023-06-16T09:14:17","modified_gmt":"2023-06-16T13:14:17","slug":"montreals-neighbourhood-celebrations-for-the-transition","status":"publish","type":"post","link":"https:\/\/transitionencommun.org\/en\/montreals-neighbourhood-celebrations-for-the-transition\/","title":{"rendered":"Montreal&#8217;s Neighbourhood Celebrations for The Transition"},"content":{"rendered":"<p><em>Photo: Fair of possibilities in the small homeland, organized by Solon in September 2020. Credit City of Montreal <\/em><\/p>\n<p>Interested in joining forces for a greater mobilization for the transition in Montreal&#8217;s neighbourhoods? Are you organising or want to organise a party in your neighbourhood between the end of August and the beginning of October 2023, or in 2024? Contact us (<a href=\"mailto:info@transitionencommun.org\">info@transitionencommun.org<\/a>) and we will explore the possibilities together.<\/p>\n<hr>\n<p><span style=\"font-weight: 400;\">Neighbourhoods are at the heart of the Transition en Commun (TeC) approach and mobilise every year to offer their citizens neighbourhood festivals in a variety of forms, taking on the colour and flavour of each neighbourhood. These events are moments of celebration, mobilization, awareness, learning and many more.  <\/span><\/p>\n<p><span style=\"font-weight: 400;\">We are currently reflecting with our members on the contributions of TeC as an alliance to these events in the form of pooling events, which is for the benefit of both the neighbourhoods and their events, and the transition movement as a whole in Montreal.<\/span><\/p>\n<p><span style=\"font-weight: 400;\">This pooling can cover several axes. Here are some ideas and proposals, resulting from discussions with several neighbourhoods that have already been mobilised. Exploratory ideas, non-exhaustive, not mandatory&#8230;. To be tested as early as this year 2023 with the hope of growing Montreal&#8217;s collective mobilizations in 2024.    <\/span><\/p>\n<ul>\n<li style=\"font-weight: 400;\" aria-level=\"1\"><strong>The calendar and the development of a sense of belonging <\/strong>\n<ul>\n<li style=\"font-weight: 400;\" aria-level=\"2\"><span style=\"font-weight: 400;\">To give ourselves a joint calendar and to converge as much as possible neighborhood events over the same period, from the end of August to the beginning of October, to reinforce the message and the weight.<\/span><\/li>\n<li style=\"font-weight: 400;\" aria-level=\"2\"><span style=\"font-weight: 400;\">Establish a joint calendar as a communication tool, on the TeC site and elsewhere, and to avoid duplication and strengthening.<\/span><\/li>\n<li><span style=\"font-weight: 400;\">Integrate complementary events into this joint calendar that reinforce the logic, such as a Montreal-wide closing event at the end of September 2023. <\/span><\/li>\n<\/ul>\n<\/li>\n<li style=\"font-weight: 400;\" aria-level=\"1\"><strong>The commmunications<\/strong>\n<ul>\n<li style=\"font-weight: 400;\" aria-level=\"2\"><span style=\"font-weight: 400;\">Develop a form of common, light branding, to develop a sense of belonging to a common project and support communications. <\/span><\/li>\n<li style=\"font-weight: 400;\" aria-level=\"2\"><span style=\"font-weight: 400;\">Support the communications of all the events on the calendar, via the various TeC networks and its members, to push participation and diversity of participation, but also to inspire other neighbourhoods and support solidarity between neighbourhoods. <\/span><\/li>\n<li style=\"font-weight: 400;\" aria-level=\"2\"><span style=\"font-weight: 400;\">Work on media relations for the entire calendar and, more broadly, take advantage of this coordination to broaden and deepen media and artistic coverage, and the influence of the transition. <\/span><span style=\"font-weight: 400;\">This coverage could also be applied, beyond events, to types of projects present in neighbourhoods in order to better contribute to their outreach. <\/span><\/li>\n<\/ul>\n<\/li>\n<\/ul>\n<ul>\n<li style=\"font-weight: 400;\" aria-level=\"1\"><strong>The content<\/strong>\n<ul>\n<li style=\"font-weight: 400;\" aria-level=\"2\"><span style=\"font-weight: 400;\">Stimulate the exchange of good practices and ideas between events, see the creation of common objectives and common lines (e.g. fight against poverty and risk of gentrification, JEDI, etc.).<\/span><\/li>\n<li style=\"font-weight: 400;\" aria-level=\"2\"><span style=\"font-weight: 400;\">Develop links with the cultural community, both as a production partner, but also and above all upstream to contribute to the design of events. <\/span><\/li>\n<li style=\"font-weight: 400;\" aria-level=\"2\"><span style=\"font-weight: 400;\">Solicit contributions from alliance members and its bodies and working groups (e.g. demotorization, housing in transition, food, etc.)<\/span><\/li>\n<li style=\"font-weight: 400;\" aria-level=\"2\"><span style=\"font-weight: 400;\">By invitation, make yourself available as an alliance to ensure a presence at block parties and to promote TeC as a Montreal project.<br \/><\/span><\/li>\n<li style=\"font-weight: 400;\" aria-level=\"2\"><span style=\"font-weight: 400;\">Build Montreal projects, which can travel to several neighbourhoods and strengthen events (theatre, special booths, etc.).<br \/><\/span><\/li>\n<\/ul>\n<\/li>\n<li style=\"font-weight: 400;\" aria-level=\"1\"><strong>The ressources<\/strong>\n<ul>\n<li style=\"font-weight: 400;\" aria-level=\"2\"><span style=\"font-weight: 400;\">Strengthen the relationship and cooperation with certain institutions, and the ability to seek additional financial and material resources. <\/span><\/li>\n<li style=\"font-weight: 400;\" aria-level=\"2\"><span style=\"font-weight: 400;\">Pool logistics and requests for equipment when and if relevant.<\/span><\/li>\n<\/ul>\n<\/li>\n<\/ul>\n<hr>\n<p><span style=\"font-weight: 400;\">In 2023, the districts that are part of a pilot version are for the time being:<\/span><\/p>\n<ul>\n<li style=\"font-weight: 400;\" aria-level=\"1\"><a href=\"https:\/\/foiredespossibles.org\/ahuntsic\/\"><span style=\"font-weight: 400;\">Ahuntsic with La Foire des Possibles<\/span><\/a><\/li>\n<li style=\"font-weight: 400;\" aria-level=\"1\"><span style=\"font-weight: 400;\"><a href=\"https:\/\/foiredespossibles.org\/la-petite-patrie\/\">Petite-Patrie with La Foire des Possibles<\/a> <\/span><\/li>\n<li style=\"font-weight: 400;\" aria-level=\"1\"><span style=\"font-weight: 400;\">Centre-Sud (more infos to come soon)<\/span><\/li>\n<li style=\"font-weight: 400;\" aria-level=\"1\"><span style=\"font-weight: 400;\">LaSalle with Le <a href=\"https:\/\/www.facebook.com\/bronxlequartier\/\">Pique Nique du Bronx 2023<\/a> <\/span><\/li>\n<li style=\"font-weight: 400;\" aria-level=\"1\"><span style=\"font-weight: 400;\">Hochelaga &#8211; Maisonneuve (More info to come soon)<\/span><\/li>\n<li style=\"font-weight: 400;\" aria-level=\"1\"><span style=\"font-weight: 400;\">Montr\u00e9al-Nord (More info to come soon)<\/span><\/li>\n<li aria-level=\"1\">And you&#8230; Are you tempted to embark on the adventure?<\/li>\n<\/ul>\n","protected":false},"excerpt":{"rendered":"<p>Photo: Fair of possibilities in the small homeland, organized by Solon in September 2020. Credit City of Montreal Interested in joining forces for a greater mobilization for the transition in Montreal&#8217;s neighbourhoods? Are you organising or want to organise a party in your neighbourhood between the end of August and the beginning of October 2023,&#8230;<\/p>\n","protected":false},"author":1,"featured_media":3186,"comment_status":"closed","ping_status":"closed","sticky":false,"template":"","format":"standard","meta":{"_acf_changed":false,"footnotes":""},"categories":[50],"tags":[],"class_list":["post-4930","post","type-post","status-publish","format-standard","has-post-thumbnail","hentry","category-news-en"],"acf":[],"yoast_head":"<!-- This site is optimized with the Yoast SEO plugin v28.3 - https:\/\/yoast.com\/product\/yoast-seo-wordpress\/ -->\n<title>Montreal&#039;s Neighbourhood Celebrations for The Transition - Transition en commun<\/title>\n<meta name=\"robots\" content=\"index, follow, max-snippet:-1, max-image-preview:large, max-video-preview:-1\" \/>\n<link rel=\"canonical\" href=\"https:\/\/transitionencommun.org\/en\/montreals-neighbourhood-celebrations-for-the-transition\/\" \/>\n<meta property=\"og:locale\" content=\"en_US\" \/>\n<meta property=\"og:type\" content=\"article\" \/>\n<meta property=\"og:title\" content=\"Montreal&#039;s Neighbourhood Celebrations for The Transition - Transition en commun\" \/>\n<meta property=\"og:description\" content=\"Photo: Fair of possibilities in the small homeland, organized by Solon in September 2020. Credit City of Montreal Interested in joining forces for a greater mobilization for the transition in Montreal&#8217;s neighbourhoods? Are you organising or want to organise a party in your neighbourhood between the end of August and the beginning of October 2023,...\" \/>\n<meta property=\"og:url\" content=\"https:\/\/transitionencommun.org\/en\/montreals-neighbourhood-celebrations-for-the-transition\/\" \/>\n<meta property=\"og:site_name\" content=\"Transition en commun\" \/>\n<meta property=\"article:publisher\" content=\"https:\/\/www.facebook.com\/transitionencommun\/\" \/>\n<meta property=\"article:published_time\" content=\"2023-06-16T13:14:17+00:00\" \/>\n<meta property=\"og:image\" content=\"https:\/\/transitionencommun.org\/wp-content\/uploads\/2023\/05\/Foire-des-possibles-1-1-scaled-1.jpg\" \/>\n\t<meta property=\"og:image:width\" content=\"2560\" \/>\n\t<meta property=\"og:image:height\" content=\"1829\" \/>\n\t<meta property=\"og:image:type\" content=\"image\/jpeg\" \/>\n<meta name=\"author\" content=\"cinetic\" \/>\n<meta name=\"twitter:card\" content=\"summary_large_image\" \/>\n<meta name=\"twitter:creator\" content=\"@cinetic\" \/>\n<meta name=\"twitter:label1\" content=\"Written by\" \/>\n\t<meta name=\"twitter:data1\" content=\"cinetic\" \/>\n\t<meta name=\"twitter:label2\" content=\"Est. reading time\" \/>\n\t<meta name=\"twitter:data2\" content=\"3 minutes\" \/>\n<script type=\"application\/ld+json\" class=\"yoast-schema-graph\">{\"@context\":\"https:\\\/\\\/schema.org\",\"@graph\":[{\"@type\":\"Article\",\"@id\":\"https:\\\/\\\/transitionencommun.org\\\/en\\\/montreals-neighbourhood-celebrations-for-the-transition\\\/#article\",\"isPartOf\":{\"@id\":\"https:\\\/\\\/transitionencommun.org\\\/en\\\/montreals-neighbourhood-celebrations-for-the-transition\\\/\"},\"author\":{\"name\":\"cinetic\",\"@id\":\"https:\\\/\\\/transitionencommun.org\\\/en\\\/#\\\/schema\\\/person\\\/318262fc5a1773877036d341edbf282e\"},\"headline\":\"Montreal&#8217;s Neighbourhood Celebrations for The Transition\",\"datePublished\":\"2023-06-16T13:14:17+00:00\",\"mainEntityOfPage\":{\"@id\":\"https:\\\/\\\/transitionencommun.org\\\/en\\\/montreals-neighbourhood-celebrations-for-the-transition\\\/\"},\"wordCount\":622,\"publisher\":{\"@id\":\"https:\\\/\\\/transitionencommun.org\\\/en\\\/#organization\"},\"image\":{\"@id\":\"https:\\\/\\\/transitionencommun.org\\\/en\\\/montreals-neighbourhood-celebrations-for-the-transition\\\/#primaryimage\"},\"thumbnailUrl\":\"https:\\\/\\\/transitionencommun.org\\\/wp-content\\\/uploads\\\/2023\\\/05\\\/Foire-des-possibles-1-1-scaled-1.jpg\",\"articleSection\":[\"News\"],\"inLanguage\":\"en-US\"},{\"@type\":\"WebPage\",\"@id\":\"https:\\\/\\\/transitionencommun.org\\\/en\\\/montreals-neighbourhood-celebrations-for-the-transition\\\/\",\"url\":\"https:\\\/\\\/transitionencommun.org\\\/en\\\/montreals-neighbourhood-celebrations-for-the-transition\\\/\",\"name\":\"Montreal's Neighbourhood Celebrations for The Transition - Transition en commun\",\"isPartOf\":{\"@id\":\"https:\\\/\\\/transitionencommun.org\\\/en\\\/#website\"},\"primaryImageOfPage\":{\"@id\":\"https:\\\/\\\/transitionencommun.org\\\/en\\\/montreals-neighbourhood-celebrations-for-the-transition\\\/#primaryimage\"},\"image\":{\"@id\":\"https:\\\/\\\/transitionencommun.org\\\/en\\\/montreals-neighbourhood-celebrations-for-the-transition\\\/#primaryimage\"},\"thumbnailUrl\":\"https:\\\/\\\/transitionencommun.org\\\/wp-content\\\/uploads\\\/2023\\\/05\\\/Foire-des-possibles-1-1-scaled-1.jpg\",\"datePublished\":\"2023-06-16T13:14:17+00:00\",\"breadcrumb\":{\"@id\":\"https:\\\/\\\/transitionencommun.org\\\/en\\\/montreals-neighbourhood-celebrations-for-the-transition\\\/#breadcrumb\"},\"inLanguage\":\"en-US\",\"potentialAction\":[{\"@type\":\"ReadAction\",\"target\":[\"https:\\\/\\\/transitionencommun.org\\\/en\\\/montreals-neighbourhood-celebrations-for-the-transition\\\/\"]}]},{\"@type\":\"ImageObject\",\"inLanguage\":\"en-US\",\"@id\":\"https:\\\/\\\/transitionencommun.org\\\/en\\\/montreals-neighbourhood-celebrations-for-the-transition\\\/#primaryimage\",\"url\":\"https:\\\/\\\/transitionencommun.org\\\/wp-content\\\/uploads\\\/2023\\\/05\\\/Foire-des-possibles-1-1-scaled-1.jpg\",\"contentUrl\":\"https:\\\/\\\/transitionencommun.org\\\/wp-content\\\/uploads\\\/2023\\\/05\\\/Foire-des-possibles-1-1-scaled-1.jpg\",\"width\":2560,\"height\":1829,\"caption\":\"Foire des possible dans la petite patrie, organis\u00e9 par Solon en septembre 2020. Cr\u00e9dit Ville de Montr\u00e9al\"},{\"@type\":\"BreadcrumbList\",\"@id\":\"https:\\\/\\\/transitionencommun.org\\\/en\\\/montreals-neighbourhood-celebrations-for-the-transition\\\/#breadcrumb\",\"itemListElement\":[{\"@type\":\"ListItem\",\"position\":1,\"name\":\"Accueil\",\"item\":\"https:\\\/\\\/transitionencommun.org\\\/en\\\/\"},{\"@type\":\"ListItem\",\"position\":2,\"name\":\"Montreal&#8217;s Neighbourhood Celebrations for The Transition\"}]},{\"@type\":\"WebSite\",\"@id\":\"https:\\\/\\\/transitionencommun.org\\\/en\\\/#website\",\"url\":\"https:\\\/\\\/transitionencommun.org\\\/en\\\/\",\"name\":\"Transition en commun\",\"description\":\"\",\"publisher\":{\"@id\":\"https:\\\/\\\/transitionencommun.org\\\/en\\\/#organization\"},\"potentialAction\":[{\"@type\":\"SearchAction\",\"target\":{\"@type\":\"EntryPoint\",\"urlTemplate\":\"https:\\\/\\\/transitionencommun.org\\\/en\\\/?s={search_term_string}\"},\"query-input\":{\"@type\":\"PropertyValueSpecification\",\"valueRequired\":true,\"valueName\":\"search_term_string\"}}],\"inLanguage\":\"en-US\"},{\"@type\":\"Organization\",\"@id\":\"https:\\\/\\\/transitionencommun.org\\\/en\\\/#organization\",\"name\":\"Transition en commun\",\"url\":\"https:\\\/\\\/transitionencommun.org\\\/en\\\/\",\"logo\":{\"@type\":\"ImageObject\",\"inLanguage\":\"en-US\",\"@id\":\"https:\\\/\\\/transitionencommun.org\\\/en\\\/#\\\/schema\\\/logo\\\/image\\\/\",\"url\":\"https:\\\/\\\/transitionencommun.org\\\/wp-content\\\/uploads\\\/2024\\\/06\\\/Big-logo.png\",\"contentUrl\":\"https:\\\/\\\/transitionencommun.org\\\/wp-content\\\/uploads\\\/2024\\\/06\\\/Big-logo.png\",\"width\":257,\"height\":115,\"caption\":\"Transition en commun\"},\"image\":{\"@id\":\"https:\\\/\\\/transitionencommun.org\\\/en\\\/#\\\/schema\\\/logo\\\/image\\\/\"},\"sameAs\":[\"https:\\\/\\\/www.facebook.com\\\/transitionencommun\\\/\",\"https:\\\/\\\/www.instagram.com\\\/transitionencommun\\\/\",\"https:\\\/\\\/www.linkedin.com\\\/company\\\/transition-en-commun\\\/\"]},{\"@type\":\"Person\",\"@id\":\"https:\\\/\\\/transitionencommun.org\\\/en\\\/#\\\/schema\\\/person\\\/318262fc5a1773877036d341edbf282e\",\"name\":\"cinetic\",\"image\":{\"@type\":\"ImageObject\",\"inLanguage\":\"en-US\",\"@id\":\"https:\\\/\\\/secure.gravatar.com\\\/avatar\\\/a482a110bf53965000a200e79f6133488d1f55a689855942fec9c9a3a65bb16c?s=96&d=mm&r=g\",\"url\":\"https:\\\/\\\/secure.gravatar.com\\\/avatar\\\/a482a110bf53965000a200e79f6133488d1f55a689855942fec9c9a3a65bb16c?s=96&d=mm&r=g\",\"contentUrl\":\"https:\\\/\\\/secure.gravatar.com\\\/avatar\\\/a482a110bf53965000a200e79f6133488d1f55a689855942fec9c9a3a65bb16c?s=96&d=mm&r=g\",\"caption\":\"cinetic\"},\"sameAs\":[\"https:\\\/\\\/transitionencommun.org\",\"https:\\\/\\\/x.com\\\/cinetic\"]}]}<\/script>\n<!-- \/ Yoast SEO plugin. -->","yoast_head_json":{"title":"Montreal's Neighbourhood Celebrations for The Transition - Transition en commun","robots":{"index":"index","follow":"follow","max-snippet":"max-snippet:-1","max-image-preview":"max-image-preview:large","max-video-preview":"max-video-preview:-1"},"canonical":"https:\/\/transitionencommun.org\/en\/montreals-neighbourhood-celebrations-for-the-transition\/","og_locale":"en_US","og_type":"article","og_title":"Montreal's Neighbourhood Celebrations for The Transition - Transition en commun","og_description":"Photo: Fair of possibilities in the small homeland, organized by Solon in September 2020. Credit City of Montreal Interested in joining forces for a greater mobilization for the transition in Montreal&#8217;s neighbourhoods? Are you organising or want to organise a party in your neighbourhood between the end of August and the beginning of October 2023,...","og_url":"https:\/\/transitionencommun.org\/en\/montreals-neighbourhood-celebrations-for-the-transition\/","og_site_name":"Transition en commun","article_publisher":"https:\/\/www.facebook.com\/transitionencommun\/","article_published_time":"2023-06-16T13:14:17+00:00","og_image":[{"width":2560,"height":1829,"url":"https:\/\/transitionencommun.org\/wp-content\/uploads\/2023\/05\/Foire-des-possibles-1-1-scaled-1.jpg","type":"image\/jpeg"}],"author":"cinetic","twitter_card":"summary_large_image","twitter_creator":"@cinetic","twitter_misc":{"Written by":"cinetic","Est. reading time":"3 minutes"},"schema":{"@context":"https:\/\/schema.org","@graph":[{"@type":"Article","@id":"https:\/\/transitionencommun.org\/en\/montreals-neighbourhood-celebrations-for-the-transition\/#article","isPartOf":{"@id":"https:\/\/transitionencommun.org\/en\/montreals-neighbourhood-celebrations-for-the-transition\/"},"author":{"name":"cinetic","@id":"https:\/\/transitionencommun.org\/en\/#\/schema\/person\/318262fc5a1773877036d341edbf282e"},"headline":"Montreal&#8217;s Neighbourhood Celebrations for The Transition","datePublished":"2023-06-16T13:14:17+00:00","mainEntityOfPage":{"@id":"https:\/\/transitionencommun.org\/en\/montreals-neighbourhood-celebrations-for-the-transition\/"},"wordCount":622,"publisher":{"@id":"https:\/\/transitionencommun.org\/en\/#organization"},"image":{"@id":"https:\/\/transitionencommun.org\/en\/montreals-neighbourhood-celebrations-for-the-transition\/#primaryimage"},"thumbnailUrl":"https:\/\/transitionencommun.org\/wp-content\/uploads\/2023\/05\/Foire-des-possibles-1-1-scaled-1.jpg","articleSection":["News"],"inLanguage":"en-US"},{"@type":"WebPage","@id":"https:\/\/transitionencommun.org\/en\/montreals-neighbourhood-celebrations-for-the-transition\/","url":"https:\/\/transitionencommun.org\/en\/montreals-neighbourhood-celebrations-for-the-transition\/","name":"Montreal's Neighbourhood Celebrations for The Transition - Transition en commun","isPartOf":{"@id":"https:\/\/transitionencommun.org\/en\/#website"},"primaryImageOfPage":{"@id":"https:\/\/transitionencommun.org\/en\/montreals-neighbourhood-celebrations-for-the-transition\/#primaryimage"},"image":{"@id":"https:\/\/transitionencommun.org\/en\/montreals-neighbourhood-celebrations-for-the-transition\/#primaryimage"},"thumbnailUrl":"https:\/\/transitionencommun.org\/wp-content\/uploads\/2023\/05\/Foire-des-possibles-1-1-scaled-1.jpg","datePublished":"2023-06-16T13:14:17+00:00","breadcrumb":{"@id":"https:\/\/transitionencommun.org\/en\/montreals-neighbourhood-celebrations-for-the-transition\/#breadcrumb"},"inLanguage":"en-US","potentialAction":[{"@type":"ReadAction","target":["https:\/\/transitionencommun.org\/en\/montreals-neighbourhood-celebrations-for-the-transition\/"]}]},{"@type":"ImageObject","inLanguage":"en-US","@id":"https:\/\/transitionencommun.org\/en\/montreals-neighbourhood-celebrations-for-the-transition\/#primaryimage","url":"https:\/\/transitionencommun.org\/wp-content\/uploads\/2023\/05\/Foire-des-possibles-1-1-scaled-1.jpg","contentUrl":"https:\/\/transitionencommun.org\/wp-content\/uploads\/2023\/05\/Foire-des-possibles-1-1-scaled-1.jpg","width":2560,"height":1829,"caption":"Foire des possible dans la petite patrie, organis\u00e9 par Solon en septembre 2020. Cr\u00e9dit Ville de Montr\u00e9al"},{"@type":"BreadcrumbList","@id":"https:\/\/transitionencommun.org\/en\/montreals-neighbourhood-celebrations-for-the-transition\/#breadcrumb","itemListElement":[{"@type":"ListItem","position":1,"name":"Accueil","item":"https:\/\/transitionencommun.org\/en\/"},{"@type":"ListItem","position":2,"name":"Montreal&#8217;s Neighbourhood Celebrations for The Transition"}]},{"@type":"WebSite","@id":"https:\/\/transitionencommun.org\/en\/#website","url":"https:\/\/transitionencommun.org\/en\/","name":"Transition en commun","description":"","publisher":{"@id":"https:\/\/transitionencommun.org\/en\/#organization"},"potentialAction":[{"@type":"SearchAction","target":{"@type":"EntryPoint","urlTemplate":"https:\/\/transitionencommun.org\/en\/?s={search_term_string}"},"query-input":{"@type":"PropertyValueSpecification","valueRequired":true,"valueName":"search_term_string"}}],"inLanguage":"en-US"},{"@type":"Organization","@id":"https:\/\/transitionencommun.org\/en\/#organization","name":"Transition en commun","url":"https:\/\/transitionencommun.org\/en\/","logo":{"@type":"ImageObject","inLanguage":"en-US","@id":"https:\/\/transitionencommun.org\/en\/#\/schema\/logo\/image\/","url":"https:\/\/transitionencommun.org\/wp-content\/uploads\/2024\/06\/Big-logo.png","contentUrl":"https:\/\/transitionencommun.org\/wp-content\/uploads\/2024\/06\/Big-logo.png","width":257,"height":115,"caption":"Transition en commun"},"image":{"@id":"https:\/\/transitionencommun.org\/en\/#\/schema\/logo\/image\/"},"sameAs":["https:\/\/www.facebook.com\/transitionencommun\/","https:\/\/www.instagram.com\/transitionencommun\/","https:\/\/www.linkedin.com\/company\/transition-en-commun\/"]},{"@type":"Person","@id":"https:\/\/transitionencommun.org\/en\/#\/schema\/person\/318262fc5a1773877036d341edbf282e","name":"cinetic","image":{"@type":"ImageObject","inLanguage":"en-US","@id":"https:\/\/secure.gravatar.com\/avatar\/a482a110bf53965000a200e79f6133488d1f55a689855942fec9c9a3a65bb16c?s=96&d=mm&r=g","url":"https:\/\/secure.gravatar.com\/avatar\/a482a110bf53965000a200e79f6133488d1f55a689855942fec9c9a3a65bb16c?s=96&d=mm&r=g","contentUrl":"https:\/\/secure.gravatar.com\/avatar\/a482a110bf53965000a200e79f6133488d1f55a689855942fec9c9a3a65bb16c?s=96&d=mm&r=g","caption":"cinetic"},"sameAs":["https:\/\/transitionencommun.org","https:\/\/x.com\/cinetic"]}]}},"_links":{"self":[{"href":"https:\/\/transitionencommun.org\/en\/wp-json\/wp\/v2\/posts\/4930","targetHints":{"allow":["GET"]}}],"collection":[{"href":"https:\/\/transitionencommun.org\/en\/wp-json\/wp\/v2\/posts"}],"about":[{"href":"https:\/\/transitionencommun.org\/en\/wp-json\/wp\/v2\/types\/post"}],"author":[{"embeddable":true,"href":"https:\/\/transitionencommun.org\/en\/wp-json\/wp\/v2\/users\/1"}],"replies":[{"embeddable":true,"href":"https:\/\/transitionencommun.org\/en\/wp-json\/wp\/v2\/comments?post=4930"}],"version-history":[{"count":0,"href":"https:\/\/transitionencommun.org\/en\/wp-json\/wp\/v2\/posts\/4930\/revisions"}],"wp:featuredmedia":[{"embeddable":true,"href":"https:\/\/transitionencommun.org\/en\/wp-json\/wp\/v2\/media\/3186"}],"wp:attachment":[{"href":"https:\/\/transitionencommun.org\/en\/wp-json\/wp\/v2\/media?parent=4930"}],"wp:term":[{"taxonomy":"category","embeddable":true,"href":"https:\/\/transitionencommun.org\/en\/wp-json\/wp\/v2\/categories?post=4930"},{"taxonomy":"post_tag","embeddable":true,"href":"https:\/\/transitionencommun.org\/en\/wp-json\/wp\/v2\/tags?post=4930"}],"curies":[{"name":"wp","href":"https:\/\/api.w.org\/{rel}","templated":true}]}}